{"id":136265,"date":"2019-11-18T09:55:10","date_gmt":"2019-11-18T12:55:10","guid":{"rendered":"http:\/\/www.caririemacao.com\/1\/?p=136265"},"modified":"2019-11-18T09:55:10","modified_gmt":"2019-11-18T12:55:10","slug":"joao-azevedo-e-demais-governadores-do-nordeste-viajam-para-europa-em-busca-de-investimentos","status":"publish","type":"post","link":"https:\/\/www.caririemacao.com\/1\/2019\/11\/18\/joao-azevedo-e-demais-governadores-do-nordeste-viajam-para-europa-em-busca-de-investimentos\/","title":{"rendered":"Jo\u00e3o Azev\u00eado e demais governadores do Nordeste viajam para Europa em busca de investimentos"},"content":{"rendered":"\n<p>O governador Jo\u00e3o Azev\u00eado viajou neste domingo (17), com demais governadores do Nordeste para&nbsp;cumprir miss\u00e3o na Europa,em busca de investimentos para \u00e1reas integradoras da Regi\u00e3o, como sustentabilidade, infraestrutura, turismo, sa\u00fade, seguran\u00e7a p\u00fablica, saneamento e energias limpas. A miss\u00e3o faz parte de um dos&nbsp;objetivos do Cons\u00f3rcio Nordeste.<\/p>\n\n\n\n<p>A passagem pela Fran\u00e7a, It\u00e1lia e Alemanha \u00e9 uma das primeiras articula\u00e7\u00f5es internacionais feitas pelo Cons\u00f3rcio Interestadual de Desenvolvimento Sustent\u00e1vel do Nordeste (Cons\u00f3rcio Nordeste). Nos tr\u00eas pa\u00edses, os gestores v\u00e3o apresentar o funcionamento do Cons\u00f3rcio e um mapa de oportunidades do Nordeste, inclusive com a perspectiva de abertura de parcerias p\u00fablico-privadas (PPPs).&nbsp;<\/p>\n\n\n\n<p>A comitiva participa de eventos com empres\u00e1rios e tem reuni\u00f5es com setores econ\u00f4micos e governamentais em Paris, em Roma e em Berlim, entre os dias 17 e 22.<\/p>\n\n\n\n<p>Entre os destaques, est\u00e3o previstos encontros com o grupo franc\u00eas Engie, que atua na gera\u00e7\u00e3o de energia, e a norueguesa Golar, empresa de transporte de g\u00e1s natural liquefeito. H\u00e1 ainda a possibilidade de amplia\u00e7\u00e3o de parcerias com entidades financiadoras, a exemplo da Ag\u00eancia Francesa de Desenvolvimento (AFD) e do Fundo Internacional de Desenvolvimento Agr\u00edcola (Fida), que j\u00e1 investem em projetos de sustentabilidade, agricultura e combate \u00e0 pobreza no Nordeste.<\/p>\n\n\n\n<p>Tamb\u00e9m participam da miss\u00e3o internacional, o presidente do Cons\u00f3rcio Nordeste, o governador Rui Costa (Bahia), e os governadores Renan Filho (Alagoas), Camilo Santana (Cear\u00e1), Paulo C\u00e2mara (Pernambuco), Wellington Dias (Piau\u00ed), F\u00e1tima Bezerra (Rio Grande do Norte) e Belivaldo Chagas (Sergipe), assim como o vice-governador Carlos Brand\u00e3o (Maranh\u00e3o).<\/p>\n\n\n\n<p>Com 57,1 milh\u00f5es de habitantes, o Nordeste \u00e9 respons\u00e1vel por 14,3% do PIB do Brasil. A economia da Regi\u00e3o \u00e9 baseada nos setores de com\u00e9rcio e servi\u00e7os, ind\u00fastria e agropecu\u00e1ria. Um dos objetivos da cria\u00e7\u00e3o do Cons\u00f3rcio Nordeste \u00e9 promover o desenvolvimento social e econ\u00f4mico sustent\u00e1vel.<\/p>\n","protected":false},"excerpt":{"rendered":"<p>O governador Jo\u00e3o Azev\u00eado viajou neste domingo (17), com demais governadores do Nordeste para&nbsp;cumprir miss\u00e3o na Europa,em busca de investimentos para \u00e1reas integradoras da Regi\u00e3o,&hellip; <\/p>\n","protected":false},"author":1,"featured_media":135403,"comment_status":"closed","ping_status":"closed","sticky":false,"template":"","format":"standard","meta":{"sfsi_plus_gutenberg_text_before_share":"","sfsi_plus_gutenberg_show_text_before_share":"","sfsi_plus_gutenberg_icon_type":"","sfsi_plus_gutenberg_icon_alignemt":"","sfsi_plus_gutenburg_max_per_row":"","footnotes":""},"categories":[50,11],"tags":[],"class_list":["post-136265","post","type-post","status-publish","format-standard","has-post-thumbnail","hentry","category-destaque","category-politica"],"_links":{"self":[{"href":"https:\/\/www.caririemacao.com\/1\/wp-json\/wp\/v2\/posts\/136265","targetHints":{"allow":["GET"]}}],"collection":[{"href":"https:\/\/www.caririemacao.com\/1\/wp-json\/wp\/v2\/posts"}],"about":[{"href":"https:\/\/www.caririemacao.com\/1\/wp-json\/wp\/v2\/types\/post"}],"author":[{"embeddable":true,"href":"https:\/\/www.caririemacao.com\/1\/wp-json\/wp\/v2\/users\/1"}],"replies":[{"embeddable":true,"href":"https:\/\/www.caririemacao.com\/1\/wp-json\/wp\/v2\/comments?post=136265"}],"version-history":[{"count":1,"href":"https:\/\/www.caririemacao.com\/1\/wp-json\/wp\/v2\/posts\/136265\/revisions"}],"predecessor-version":[{"id":136267,"href":"https:\/\/www.caririemacao.com\/1\/wp-json\/wp\/v2\/posts\/136265\/revisions\/136267"}],"wp:featuredmedia":[{"embeddable":true,"href":"https:\/\/www.caririemacao.com\/1\/wp-json\/wp\/v2\/media\/135403"}],"wp:attachment":[{"href":"https:\/\/www.caririemacao.com\/1\/wp-json\/wp\/v2\/media?parent=136265"}],"wp:term":[{"taxonomy":"category","embeddable":true,"href":"https:\/\/www.caririemacao.com\/1\/wp-json\/wp\/v2\/categories?post=136265"},{"taxonomy":"post_tag","embeddable":true,"href":"https:\/\/www.caririemacao.com\/1\/wp-json\/wp\/v2\/tags?post=136265"}],"curies":[{"name":"wp","href":"https:\/\/api.w.org\/{rel}","templated":true}]}}