{"id":136281,"date":"2019-11-18T10:10:55","date_gmt":"2019-11-18T13:10:55","guid":{"rendered":"http:\/\/www.caririemacao.com\/1\/?p=136281"},"modified":"2019-11-18T10:10:55","modified_gmt":"2019-11-18T13:10:55","slug":"devocao-e-fe-no-cariri-es-o-maria-nossa-guarida-luz-de-sume-terra-querida","status":"publish","type":"post","link":"https:\/\/www.caririemacao.com\/1\/2019\/11\/18\/devocao-e-fe-no-cariri-es-o-maria-nossa-guarida-luz-de-sume-terra-querida\/","title":{"rendered":"Devo\u00e7\u00e3o e F\u00e9 no Cariri: \u201c\u00c9s, \u00f3 Maria, nossa guarida Luz de Sum\u00e9, Terra querida\u201d"},"content":{"rendered":"\n<p>A cidade de Sum\u00e9 e regi\u00e3o se preparam para as Festividades em honra a Nossa Senhora da Concei\u00e7\u00e3o que ser\u00e1 realizada de 29 de Novembro a 8 de Dezembro, este ano a festa traz como tema: \u201c\u00c9s, \u00f3 Maria, nossa guarida Luz de Sum\u00e9, Terra querida\u201d; com uma programa\u00e7\u00e3o vasta e convidativa a todos os fi\u00e9is devotos da Imaculada.<\/p>\n\n\n\n<p>Of\u00edcio da Imaculada Concei\u00e7\u00e3o todas as manh\u00e3, Noven\u00e1rio com Missas todas \u00e0s noites, com a presen\u00e7a de Padres de Diocese de Campina Grande, Padres de Pernambuco, al\u00e9m do Bispo Diocesano Dom Dulc\u00eanio Fontes de Matos e do Bispo de Patos, Dom Eraldo Bispo. Na programa\u00e7\u00e3o haver\u00e1 ainda, prociss\u00e3o, show de pr\u00eamio e pavilh\u00e3o com m\u00fasica ao vivo.<\/p>\n\n\n\n<p>A abertura da festa, que acontece no dia 29, ter\u00e1 \u00e0s 18h30, o acolhimento da imagem peregrina de Nossa Senhora, \u00e0s 19h o tradicional hasteamento das bandeiras e logo em seguida o in\u00edcio do noven\u00e1rio, com Missa presidida pelo Padre Haroldo, na ocasi\u00e3o, os poderes Executivo, Legislativo e Judici\u00e1rio, bem como os segmentos militares ser\u00e3o homenageados.<\/p>\n\n\n\n<p>No s\u00e1bado (30) \u00e0 tarde ser\u00e1 realizada Missa para os vaqueiros no est\u00e1dio de futebol, Jos\u00e9 Jacinto, o Jacint\u00e3o. No prosseguimento da programa\u00e7\u00e3o o dia 2 de dezembro reserva uma Missa para os feirantes \u00e0s 9h da manh\u00e3; no dia seguinte, 3 de dezembro, os Padres da Forania Cariri II celebrar\u00e3o na festa, no dia 4 acontece Missa para os Idosos.<\/p>\n\n\n\n<p>No dia 7 de dezembro quem marca presen\u00e7a, \u00e9 o Bispo de Campina Grande Dom Dulc\u00eanio Fontes de Matos, j\u00e1 no dia seguinte, 8 de dezembro, dia da Imaculada Concei\u00e7\u00e3o, ser\u00e1 um dia intenso, pela manh\u00e3 Manh\u00e3 Missa com o Bispo de Patos, Dom Eraldo Bispo, \u00e0 tarde Prociss\u00e3o e Missa de encerramento dos festejos alusivos \u00e0 Padroeira. Ap\u00f3s a Missa de encerramento ser\u00e1 realizado um Show de pr\u00eamios.<\/p>\n\n\n\n<p>Neste ano de 2019, a comunidade Paroquial de Nossa Senhora da Concei\u00e7\u00e3o rende gra\u00e7as a Deus pelos 200 anos da Presen\u00e7a Cat\u00f3lica na cidade. De acordo com a hist\u00f3ria, \u00e9 datada em 1819, a constru\u00e7\u00e3o da Primeira Capela da antiga vila de S\u00e3o Thom\u00e9 dos Sucurus, hoje cidade de Sum\u00e9.<\/p>\n\n\n\n<pre class=\"wp-block-preformatted\">Ascom com informa\u00e7\u00f5es, Pascom de Sum\u00e9.<\/pre>\n","protected":false},"excerpt":{"rendered":"<p>A cidade de Sum\u00e9 e regi\u00e3o se preparam para as Festividades em honra a Nossa Senhora da Concei\u00e7\u00e3o que ser\u00e1 realizada de 29 de Novembro&hellip; <\/p>\n","protected":false},"author":1,"featured_media":136283,"comment_status":"closed","ping_status":"closed","sticky":false,"template":"","format":"standard","meta":{"sfsi_plus_gutenberg_text_before_share":"","sfsi_plus_gutenberg_show_text_before_share":"","sfsi_plus_gutenberg_icon_type":"","sfsi_plus_gutenberg_icon_alignemt":"","sfsi_plus_gutenburg_max_per_row":"","footnotes":""},"categories":[6,50],"tags":[],"class_list":["post-136281","post","type-post","status-publish","format-standard","has-post-thumbnail","hentry","category-cidades","category-destaque"],"_links":{"self":[{"href":"https:\/\/www.caririemacao.com\/1\/wp-json\/wp\/v2\/posts\/136281","targetHints":{"allow":["GET"]}}],"collection":[{"href":"https:\/\/www.caririemacao.com\/1\/wp-json\/wp\/v2\/posts"}],"about":[{"href":"https:\/\/www.caririemacao.com\/1\/wp-json\/wp\/v2\/types\/post"}],"author":[{"embeddable":true,"href":"https:\/\/www.caririemacao.com\/1\/wp-json\/wp\/v2\/users\/1"}],"replies":[{"embeddable":true,"href":"https:\/\/www.caririemacao.com\/1\/wp-json\/wp\/v2\/comments?post=136281"}],"version-history":[{"count":1,"href":"https:\/\/www.caririemacao.com\/1\/wp-json\/wp\/v2\/posts\/136281\/revisions"}],"predecessor-version":[{"id":136284,"href":"https:\/\/www.caririemacao.com\/1\/wp-json\/wp\/v2\/posts\/136281\/revisions\/136284"}],"wp:featuredmedia":[{"embeddable":true,"href":"https:\/\/www.caririemacao.com\/1\/wp-json\/wp\/v2\/media\/136283"}],"wp:attachment":[{"href":"https:\/\/www.caririemacao.com\/1\/wp-json\/wp\/v2\/media?parent=136281"}],"wp:term":[{"taxonomy":"category","embeddable":true,"href":"https:\/\/www.caririemacao.com\/1\/wp-json\/wp\/v2\/categories?post=136281"},{"taxonomy":"post_tag","embeddable":true,"href":"https:\/\/www.caririemacao.com\/1\/wp-json\/wp\/v2\/tags?post=136281"}],"curies":[{"name":"wp","href":"https:\/\/api.w.org\/{rel}","templated":true}]}}