{"id":136293,"date":"2019-11-24T16:28:18","date_gmt":"2019-11-24T19:28:18","guid":{"rendered":"http:\/\/www.caririemacao.com\/1\/?p=136293"},"modified":"2019-11-24T16:27:58","modified_gmt":"2019-11-24T19:27:58","slug":"continuam-abertas-inscricoes-para-13-mil-vagas-em-cursos-profissionalizantes-do-paraibatec","status":"publish","type":"post","link":"https:\/\/www.caririemacao.com\/1\/2019\/11\/24\/continuam-abertas-inscricoes-para-13-mil-vagas-em-cursos-profissionalizantes-do-paraibatec\/","title":{"rendered":"Continuam abertas inscri\u00e7\u00f5es para 13 mil vagas em cursos profissionalizantes do Para\u00edbatec"},"content":{"rendered":"\n<p>Est\u00e3o abertas at\u00e9 30 de novembro as inscri\u00e7\u00f5es para 39 cursos profissionalizantes em 70 munic\u00edpios da Para\u00edba do programa Para\u00edbatec da Secretaria de Estado da Educa\u00e7\u00e3o e da Ci\u00eancia e Tecnologia. S\u00e3o 13 mil vagas dispon\u00edveis para pessoas acima de 16 anos e com ensino fundamental completo. Os editais foram lan\u00e7ados pelo governador Jo\u00e3o Azev\u00eado, no dia 29 de outubro, durante solenidade de formatura de 478 estudantes da rede p\u00fablica estadual dos cursos MedioTec do Programa Nacional de Acesso ao Ensino T\u00e9cnico e Emprego (Pronatec).<\/p>\n\n\n\n<p>Os seis editais do Programa Para\u00edbatec disponibilizam vagas para 13 mil estudantes.<\/p>\n\n\n\n<p><strong>O programa<\/strong>&nbsp;\u2013 O Para\u00edbatec foi estabelecido em regime de colabora\u00e7\u00e3o ao Programa Nacional de Acesso ao Ensino T\u00e9cnico e Emprego (Pronatec), com a finalidade de formar profissionais qualificados. O programa traz uma oferta ampla de cursos na \u00e1rea de educa\u00e7\u00e3o profissional e tecnol\u00f3gica, atrav\u00e9s da rede estadual de ensino do Governo do Estado da Para\u00edba.<\/p>\n\n\n\n<p>A proposta \u00e9 propiciar a intera\u00e7\u00e3o entre escola, comunidade, mercado e os arranjos produtivos locais, por meio de a\u00e7\u00f5es articuladas de educa\u00e7\u00e3o profissional e tecnol\u00f3gica, incentivando o retorno de jovens e adultos ao sistema escolar e proporcionando a eleva\u00e7\u00e3o da escolaridade, a constru\u00e7\u00e3o de novos itiner\u00e1rios formativos e a melhoria da qualidade do ensino na modalidade de educa\u00e7\u00e3o de jovens e adultos. Seu prop\u00f3sito maior, al\u00e9m da forma\u00e7\u00e3o acad\u00eamica, \u00e9 a inser\u00e7\u00e3o de seu p\u00fablico no mercado de trabalho, atrav\u00e9s do Programa Primeira Chance.<\/p>\n\n\n\n<p>Com Secom-PB<\/p>\n","protected":false},"excerpt":{"rendered":"<p>Est\u00e3o abertas at\u00e9 30 de novembro as inscri\u00e7\u00f5es para 39 cursos profissionalizantes em 70 munic\u00edpios da Para\u00edba do programa Para\u00edbatec da Secretaria de Estado da&hellip; <\/p>\n","protected":false},"author":1,"featured_media":136295,"comment_status":"closed","ping_status":"closed","sticky":false,"template":"","format":"standard","meta":{"sfsi_plus_gutenberg_text_before_share":"","sfsi_plus_gutenberg_show_text_before_share":"","sfsi_plus_gutenberg_icon_type":"","sfsi_plus_gutenberg_icon_alignemt":"","sfsi_plus_gutenburg_max_per_row":"","footnotes":""},"categories":[50,14],"tags":[],"class_list":["post-136293","post","type-post","status-publish","format-standard","has-post-thumbnail","hentry","category-destaque","category-educacao"],"_links":{"self":[{"href":"https:\/\/www.caririemacao.com\/1\/wp-json\/wp\/v2\/posts\/136293","targetHints":{"allow":["GET"]}}],"collection":[{"href":"https:\/\/www.caririemacao.com\/1\/wp-json\/wp\/v2\/posts"}],"about":[{"href":"https:\/\/www.caririemacao.com\/1\/wp-json\/wp\/v2\/types\/post"}],"author":[{"embeddable":true,"href":"https:\/\/www.caririemacao.com\/1\/wp-json\/wp\/v2\/users\/1"}],"replies":[{"embeddable":true,"href":"https:\/\/www.caririemacao.com\/1\/wp-json\/wp\/v2\/comments?post=136293"}],"version-history":[{"count":1,"href":"https:\/\/www.caririemacao.com\/1\/wp-json\/wp\/v2\/posts\/136293\/revisions"}],"predecessor-version":[{"id":136296,"href":"https:\/\/www.caririemacao.com\/1\/wp-json\/wp\/v2\/posts\/136293\/revisions\/136296"}],"wp:featuredmedia":[{"embeddable":true,"href":"https:\/\/www.caririemacao.com\/1\/wp-json\/wp\/v2\/media\/136295"}],"wp:attachment":[{"href":"https:\/\/www.caririemacao.com\/1\/wp-json\/wp\/v2\/media?parent=136293"}],"wp:term":[{"taxonomy":"category","embeddable":true,"href":"https:\/\/www.caririemacao.com\/1\/wp-json\/wp\/v2\/categories?post=136293"},{"taxonomy":"post_tag","embeddable":true,"href":"https:\/\/www.caririemacao.com\/1\/wp-json\/wp\/v2\/tags?post=136293"}],"curies":[{"name":"wp","href":"https:\/\/api.w.org\/{rel}","templated":true}]}}