{"id":136301,"date":"2019-11-18T10:15:26","date_gmt":"2019-11-18T13:15:26","guid":{"rendered":"http:\/\/www.caririemacao.com\/1\/?p=136301"},"modified":"2019-11-18T10:15:26","modified_gmt":"2019-11-18T13:15:26","slug":"transposicao-aguas-do-rio-sao-francisco-devem-chegar-a-monteiro-ate-esta-quarta-feira","status":"publish","type":"post","link":"https:\/\/www.caririemacao.com\/1\/2019\/11\/18\/transposicao-aguas-do-rio-sao-francisco-devem-chegar-a-monteiro-ate-esta-quarta-feira\/","title":{"rendered":"TRANSPOSI\u00c7\u00c3O: \u00c1guas do Rio S\u00e3o Francisco devem chegar a Monteiro at\u00e9 esta quarta-feira"},"content":{"rendered":"\n<p>A previs\u00e3o de chegada das \u00e1guas do Rio Francisco foi reajustada para at\u00e9 a pr\u00f3xima quarta-feira (20), devido um problema no bombeamento na Esta\u00e7\u00e3o Elevat\u00f3ria EBV 5, em Sert\u00e2nia\/PE, causando interrup\u00e7\u00e3o no bombeamento da EBV 6. Inicialmente a previs\u00e3o era de que as \u00e1guas chegassem nesta segunda-feira (18).<\/p>\n\n\n\n<p>De acordo com o Engenheiro Civil, Tavares, houve um problema no n\u00edvel da \u00e1gua na esta\u00e7\u00e3o elevat\u00f3ria EBV 5 que teve que receber mais um n\u00edvel de bombeamento pra conseguir chegar \u00e0 esta\u00e7\u00e3o EBV 6 e enfim alcan\u00e7ar o territ\u00f3rio da Para\u00edba.<\/p>\n\n\n\n<p>No final da tarde deste domingo (17), o reservat\u00f3rio de Barro Branco, \u00faltima barragem antes das \u00e1guas adentrar a Para\u00edba, j\u00e1 havia atingido o n\u00edvel para o canal da transposi\u00e7\u00e3o seguindo agora at\u00e9 Monteiro<\/p>\n","protected":false},"excerpt":{"rendered":"<p>A previs\u00e3o de chegada das \u00e1guas do Rio Francisco foi reajustada para at\u00e9 a pr\u00f3xima quarta-feira (20), devido um problema no bombeamento na Esta\u00e7\u00e3o Elevat\u00f3ria&hellip; <\/p>\n","protected":false},"author":1,"featured_media":110361,"comment_status":"closed","ping_status":"closed","sticky":false,"template":"","format":"standard","meta":{"sfsi_plus_gutenberg_text_before_share":"","sfsi_plus_gutenberg_show_text_before_share":"","sfsi_plus_gutenberg_icon_type":"","sfsi_plus_gutenberg_icon_alignemt":"","sfsi_plus_gutenburg_max_per_row":"","footnotes":""},"categories":[6,50],"tags":[],"class_list":["post-136301","post","type-post","status-publish","format-standard","has-post-thumbnail","hentry","category-cidades","category-destaque"],"_links":{"self":[{"href":"https:\/\/www.caririemacao.com\/1\/wp-json\/wp\/v2\/posts\/136301","targetHints":{"allow":["GET"]}}],"collection":[{"href":"https:\/\/www.caririemacao.com\/1\/wp-json\/wp\/v2\/posts"}],"about":[{"href":"https:\/\/www.caririemacao.com\/1\/wp-json\/wp\/v2\/types\/post"}],"author":[{"embeddable":true,"href":"https:\/\/www.caririemacao.com\/1\/wp-json\/wp\/v2\/users\/1"}],"replies":[{"embeddable":true,"href":"https:\/\/www.caririemacao.com\/1\/wp-json\/wp\/v2\/comments?post=136301"}],"version-history":[{"count":1,"href":"https:\/\/www.caririemacao.com\/1\/wp-json\/wp\/v2\/posts\/136301\/revisions"}],"predecessor-version":[{"id":136303,"href":"https:\/\/www.caririemacao.com\/1\/wp-json\/wp\/v2\/posts\/136301\/revisions\/136303"}],"wp:featuredmedia":[{"embeddable":true,"href":"https:\/\/www.caririemacao.com\/1\/wp-json\/wp\/v2\/media\/110361"}],"wp:attachment":[{"href":"https:\/\/www.caririemacao.com\/1\/wp-json\/wp\/v2\/media?parent=136301"}],"wp:term":[{"taxonomy":"category","embeddable":true,"href":"https:\/\/www.caririemacao.com\/1\/wp-json\/wp\/v2\/categories?post=136301"},{"taxonomy":"post_tag","embeddable":true,"href":"https:\/\/www.caririemacao.com\/1\/wp-json\/wp\/v2\/tags?post=136301"}],"curies":[{"name":"wp","href":"https:\/\/api.w.org\/{rel}","templated":true}]}}