{"id":136307,"date":"2019-11-18T10:18:29","date_gmt":"2019-11-18T13:18:29","guid":{"rendered":"http:\/\/www.caririemacao.com\/1\/?p=136307"},"modified":"2019-11-18T10:18:29","modified_gmt":"2019-11-18T13:18:29","slug":"colegio-da-policia-militar-da-pb-inicia-inscricoes","status":"publish","type":"post","link":"https:\/\/www.caririemacao.com\/1\/2019\/11\/18\/colegio-da-policia-militar-da-pb-inicia-inscricoes\/","title":{"rendered":"Col\u00e9gio da Pol\u00edcia Militar da PB inicia inscri\u00e7\u00f5es"},"content":{"rendered":"\n<p>O Col\u00e9gio da Pol\u00edcia Militar come\u00e7a a receber, nesta segunda-feira (18), as inscri\u00e7\u00f5es dos interessados em concorrer a uma das 141 vagas oferecidas para o ano de 2020. As oportunidades s\u00e3o para a 1\u00aa s\u00e9rie do ensino m\u00e9dio integrado, 6\u00ba, 8\u00ba e 9\u00ba anos do ensino fundamental II.<\/p>\n\n\n\n<p>A inscri\u00e7\u00e3o \u00e9 feita de forma presencial na pr\u00f3pria secretaria do Col\u00e9gio da Pol\u00edcia Militar da Para\u00edba, que fica na rua Maria Alves da Silva, em Mangabeira VII, na Capital. O hor\u00e1rio de atendimento \u00e9 das 8h \u00e0s 11h e das 14h \u00e0s 17h. L\u00e1 tem um requerimento padr\u00e3o que deve ser preenchido pelo pai, m\u00e3e ou representante legal do candidato, dirigido ao diretor do col\u00e9gio.<\/p>\n\n\n\n<p>Os interessados devem ficar atentos para os documentos necess\u00e1rios para apresentar com o requerimento: declara\u00e7\u00e3o original da escola de origem, com ano que o interessado est\u00e1 cursando em 2019, devidamente assinada pelo gestor ou secret\u00e1rio escolar, apresenta\u00e7\u00e3o do documento original e c\u00f3pia de identidade do respons\u00e1vel legal pelo candidato e apresenta\u00e7\u00e3o da certid\u00e3o de nascimento original do candidato e a respectiva fotoc\u00f3pia. As outras exig\u00eancias s\u00e3o espec\u00edficas para filhos e netos de policiais militares e podem ser conferidas no edital, dispon\u00edvel no di\u00e1rio oficial do dia 7 de novembro.<\/p>\n\n\n\n<p>O prazo para se inscrever vai at\u00e9 o dia 6 de dezembro. Das 141 vagas oferecidas, 60% s\u00e3o destinadas aos filhos e netos de policiais militares e 40% ao p\u00fablico em geral. Os inscritos participar\u00e3o de um sorteio p\u00fablico, marcado para o dia 16 de dezembro, no audit\u00f3rio do Col\u00e9gio da Pol\u00edcia Militar, que ser\u00e1 acompanhado pelos pais e respons\u00e1veis, representantes do Tribunal de Justi\u00e7a da Para\u00edba, Assembleia Legislativa, Secretaria de Estado da Educa\u00e7\u00e3o, Minist\u00e9rio P\u00fablico Estadual, Procuradoria-Geral do Estado, Defensoria P\u00fablica, Ordem dos Advogados do Brasil e das Associa\u00e7\u00f5es de classes dos policiais militares do Estado da Para\u00edba.<\/p>\n\n\n\n<p>Sobre o col\u00e9gio&nbsp;\u2013 O Col\u00e9gio da Pol\u00edcia Militar foi fundado em 1994, sendo uma escola da rede estadual conveniada com a Pol\u00edcia Militar da Para\u00edba, administrada por uma parceria com a Secretaria de Estado da Educa\u00e7\u00e3o. \u00c9 a Pol\u00edcia Militar a respons\u00e1vel pela gest\u00e3o administrativa e pedag\u00f3gica. Atualmente, 600 alunos estudam na unidade, que oferece ensino do 6\u00aa ano do ensino fundamental II at\u00e9 a 3\u00aa s\u00e9rie do ensino m\u00e9dio, que tem cursos t\u00e9cnicos de programa\u00e7\u00e3o de jogos digitais e inform\u00e1tica para internet.<\/p>\n\n\n\n<p><strong>MaisPB<\/strong><\/p>\n","protected":false},"excerpt":{"rendered":"<p>O Col\u00e9gio da Pol\u00edcia Militar come\u00e7a a receber, nesta segunda-feira (18), as inscri\u00e7\u00f5es dos interessados em concorrer a uma das 141 vagas oferecidas para o&hellip; <\/p>\n","protected":false},"author":1,"featured_media":133394,"comment_status":"closed","ping_status":"closed","sticky":false,"template":"","format":"standard","meta":{"sfsi_plus_gutenberg_text_before_share":"","sfsi_plus_gutenberg_show_text_before_share":"","sfsi_plus_gutenberg_icon_type":"","sfsi_plus_gutenberg_icon_alignemt":"","sfsi_plus_gutenburg_max_per_row":"","footnotes":""},"categories":[14],"tags":[],"class_list":["post-136307","post","type-post","status-publish","format-standard","has-post-thumbnail","hentry","category-educacao"],"_links":{"self":[{"href":"https:\/\/www.caririemacao.com\/1\/wp-json\/wp\/v2\/posts\/136307","targetHints":{"allow":["GET"]}}],"collection":[{"href":"https:\/\/www.caririemacao.com\/1\/wp-json\/wp\/v2\/posts"}],"about":[{"href":"https:\/\/www.caririemacao.com\/1\/wp-json\/wp\/v2\/types\/post"}],"author":[{"embeddable":true,"href":"https:\/\/www.caririemacao.com\/1\/wp-json\/wp\/v2\/users\/1"}],"replies":[{"embeddable":true,"href":"https:\/\/www.caririemacao.com\/1\/wp-json\/wp\/v2\/comments?post=136307"}],"version-history":[{"count":1,"href":"https:\/\/www.caririemacao.com\/1\/wp-json\/wp\/v2\/posts\/136307\/revisions"}],"predecessor-version":[{"id":136310,"href":"https:\/\/www.caririemacao.com\/1\/wp-json\/wp\/v2\/posts\/136307\/revisions\/136310"}],"wp:featuredmedia":[{"embeddable":true,"href":"https:\/\/www.caririemacao.com\/1\/wp-json\/wp\/v2\/media\/133394"}],"wp:attachment":[{"href":"https:\/\/www.caririemacao.com\/1\/wp-json\/wp\/v2\/media?parent=136307"}],"wp:term":[{"taxonomy":"category","embeddable":true,"href":"https:\/\/www.caririemacao.com\/1\/wp-json\/wp\/v2\/categories?post=136307"},{"taxonomy":"post_tag","embeddable":true,"href":"https:\/\/www.caririemacao.com\/1\/wp-json\/wp\/v2\/tags?post=136307"}],"curies":[{"name":"wp","href":"https:\/\/api.w.org\/{rel}","templated":true}]}}