{"id":136315,"date":"2019-11-18T10:22:57","date_gmt":"2019-11-18T13:22:57","guid":{"rendered":"http:\/\/www.caririemacao.com\/1\/?p=136315"},"modified":"2019-11-18T10:22:57","modified_gmt":"2019-11-18T13:22:57","slug":"paraiba-e-o-2o-estado-mais-desigual-do-pais","status":"publish","type":"post","link":"https:\/\/www.caririemacao.com\/1\/2019\/11\/18\/paraiba-e-o-2o-estado-mais-desigual-do-pais\/","title":{"rendered":"Para\u00edba \u00e9 o 2\u00ba estado mais desigual do pa\u00eds"},"content":{"rendered":"\n<p>Na Para\u00edba, 10% da popula\u00e7\u00e3o ocupada com os maiores rendimentos recebe um valor m\u00e9dio de R$ 7,1 mil, enquanto que para os 40% com os menores rendimentos, essa quantia \u00e9 de R$ 438, conforme dados do Instituto Brasileiro de Geografia e Estat\u00edstica (IBGE). Dessa forma, o primeiro grupo recebia, em 2018, aproximadamente 16,2 vezes mais em rela\u00e7\u00e3o ao segundo.<\/p>\n\n\n\n<p>O Estado s\u00f3 \u00e9 menos desigual que o Piau\u00ed, em que a raz\u00e3o totalizou 18,4. O dado da Para\u00edba chega a ser superior a m\u00e9dia nacional, de 13 e \u00e0 regional de 14,1. J\u00e1 no que se refere \u00e0s resid\u00eancias, a pesquisa aponta que, em 2018, cerca de 44,8% da popula\u00e7\u00e3o paraibana teve um rendimento domiciliar per capita de at\u00e9 meio sal\u00e1rio m\u00ednimo, ao passo que 0,7% n\u00e3o teve rendimentos.<\/p>\n\n\n\n<p><em>Em rela\u00e7\u00e3o \u00e0s linhas de pobreza, como o Brasil n\u00e3o possui uma oficial, o IBGE considerou os valores de US$ 1,90 di\u00e1rio per capita, estabelecido pelo Banco Mundial como limite para a defini\u00e7\u00e3o de pobreza global, e o de US$ 5,50 di\u00e1rio per capita, da mesma institui\u00e7\u00e3o, mas direcionado para pa\u00edses com rendimento m\u00e9dio-alto, como \u00e9 o caso do Brasil.<\/em><\/p>\n\n\n\n<p><em>No primeiro grupo, est\u00e1 inserida cerca de 11,2% da popula\u00e7\u00e3o paraibana, aproximadamente 447 mil pessoas, conforme a pesquisa. J\u00e1 o segundo \u00e9 mais abrangente e inclui 40% da popula\u00e7\u00e3o, o que representa 1,588 milh\u00e3o de pessoas nessa linha de pobreza.<\/em><\/p>\n\n\n\n<p><strong>MaisPB<\/strong><\/p>\n","protected":false},"excerpt":{"rendered":"<p>Na Para\u00edba, 10% da popula\u00e7\u00e3o ocupada com os maiores rendimentos recebe um valor m\u00e9dio de R$ 7,1 mil, enquanto que para os 40% com os&hellip; <\/p>\n","protected":false},"author":1,"featured_media":136317,"comment_status":"closed","ping_status":"closed","sticky":false,"template":"","format":"standard","meta":{"sfsi_plus_gutenberg_text_before_share":"","sfsi_plus_gutenberg_show_text_before_share":"","sfsi_plus_gutenberg_icon_type":"","sfsi_plus_gutenberg_icon_alignemt":"","sfsi_plus_gutenburg_max_per_row":"","footnotes":""},"categories":[2],"tags":[],"class_list":["post-136315","post","type-post","status-publish","format-standard","has-post-thumbnail","hentry","category-geral"],"_links":{"self":[{"href":"https:\/\/www.caririemacao.com\/1\/wp-json\/wp\/v2\/posts\/136315","targetHints":{"allow":["GET"]}}],"collection":[{"href":"https:\/\/www.caririemacao.com\/1\/wp-json\/wp\/v2\/posts"}],"about":[{"href":"https:\/\/www.caririemacao.com\/1\/wp-json\/wp\/v2\/types\/post"}],"author":[{"embeddable":true,"href":"https:\/\/www.caririemacao.com\/1\/wp-json\/wp\/v2\/users\/1"}],"replies":[{"embeddable":true,"href":"https:\/\/www.caririemacao.com\/1\/wp-json\/wp\/v2\/comments?post=136315"}],"version-history":[{"count":1,"href":"https:\/\/www.caririemacao.com\/1\/wp-json\/wp\/v2\/posts\/136315\/revisions"}],"predecessor-version":[{"id":136318,"href":"https:\/\/www.caririemacao.com\/1\/wp-json\/wp\/v2\/posts\/136315\/revisions\/136318"}],"wp:featuredmedia":[{"embeddable":true,"href":"https:\/\/www.caririemacao.com\/1\/wp-json\/wp\/v2\/media\/136317"}],"wp:attachment":[{"href":"https:\/\/www.caririemacao.com\/1\/wp-json\/wp\/v2\/media?parent=136315"}],"wp:term":[{"taxonomy":"category","embeddable":true,"href":"https:\/\/www.caririemacao.com\/1\/wp-json\/wp\/v2\/categories?post=136315"},{"taxonomy":"post_tag","embeddable":true,"href":"https:\/\/www.caririemacao.com\/1\/wp-json\/wp\/v2\/tags?post=136315"}],"curies":[{"name":"wp","href":"https:\/\/api.w.org\/{rel}","templated":true}]}}