{"id":136325,"date":"2019-11-18T10:27:48","date_gmt":"2019-11-18T13:27:48","guid":{"rendered":"http:\/\/www.caririemacao.com\/1\/?p=136325"},"modified":"2019-11-18T10:27:48","modified_gmt":"2019-11-18T13:27:48","slug":"consorcio-nordeste-exibe-video-na-europa-com-imagens-da-paraiba-para-atrair-investimentos","status":"publish","type":"post","link":"https:\/\/www.caririemacao.com\/1\/2019\/11\/18\/consorcio-nordeste-exibe-video-na-europa-com-imagens-da-paraiba-para-atrair-investimentos\/","title":{"rendered":"Cons\u00f3rcio Nordeste exibe v\u00eddeo na Europa com imagens da Para\u00edba para atrair investimentos"},"content":{"rendered":"\n<p>Os nove governadores do Nordeste est\u00e3o na Europa em busca de novos investimentos para a regi\u00e3o nos setores de infraestrutura, energias renov\u00e1veis, turismo, seguran\u00e7a p\u00fablica, sustentabilidade e sa\u00fade. At\u00e9 a pr\u00f3xima sexta-feira (22), os integrantes do Cons\u00f3rcio Nordeste v\u00e3o apresentar a regi\u00e3o para os poss\u00edveis investidores e demonstrar as potencialidades.<\/p>\n\n\n\n<p>Para angariar mais confian\u00e7a dos investidores, o Cons\u00f3rcio Nordeste preparou um v\u00eddeo com imagens e informa\u00e7\u00f5es sobre a regi\u00e3o. O filme explora as principais paisagens voltadas para o turismo e seus atrativos.<\/p>\n\n\n\n<p>A apresenta\u00e7\u00e3o cita que \u201ch\u00e1 16 anos o Nordeste cresce mais do que o Brasil\u201d. Al\u00e9m disso, tamb\u00e9m \u00e9 enfatizado que \u201cs\u00e3o nove estados que se uniram para criar uma nova for\u00e7a da economia brasileira\u201d, demonstrando a inten\u00e7\u00e3o do Cons\u00f3rcio.<\/p>\n\n\n\n<p>Da Para\u00edba podemos perceber que aparecem neste primeiro trecho do v\u00eddeo paisagens das praias e de alguns equipamentos, como o Centro de Conven\u00e7\u00f5es. A cidade de Campina Grande tamb\u00e9m aparece com destaque ao ser exibida a paisagem do A\u00e7ude Velho e imagens dos festejos de S\u00e3o Jo\u00e3o.<\/p>\n\n\n\n<p>Confira um trecho do v\u00eddeo apresentado pelos governadores:<\/p>\n\n\n\n<figure><iframe width=\"1349\" height=\"480\" data-src=\"https:\/\/www.youtube.com\/embed\/IP2PNpjH-gQ\" allowfullscreen=\"\" src=\"data:image\/svg+xml;base64,PHN2ZyB3aWR0aD0iMSIgaGVpZ2h0PSIxIiB4bWxucz0iaHR0cDovL3d3dy53My5vcmcvMjAwMC9zdmciPjwvc3ZnPg==\" class=\"lazyload\" data-load-mode=\"1\"><\/iframe><\/figure>\n","protected":false},"excerpt":{"rendered":"<p>Os nove governadores do Nordeste est\u00e3o na Europa em busca de novos investimentos para a regi\u00e3o nos setores de infraestrutura, energias renov\u00e1veis, turismo, seguran\u00e7a p\u00fablica,&hellip; <\/p>\n","protected":false},"author":1,"featured_media":136327,"comment_status":"closed","ping_status":"closed","sticky":false,"template":"","format":"standard","meta":{"sfsi_plus_gutenberg_text_before_share":"","sfsi_plus_gutenberg_show_text_before_share":"","sfsi_plus_gutenberg_icon_type":"","sfsi_plus_gutenberg_icon_alignemt":"","sfsi_plus_gutenburg_max_per_row":"","footnotes":""},"categories":[11],"tags":[],"class_list":["post-136325","post","type-post","status-publish","format-standard","has-post-thumbnail","hentry","category-politica"],"_links":{"self":[{"href":"https:\/\/www.caririemacao.com\/1\/wp-json\/wp\/v2\/posts\/136325","targetHints":{"allow":["GET"]}}],"collection":[{"href":"https:\/\/www.caririemacao.com\/1\/wp-json\/wp\/v2\/posts"}],"about":[{"href":"https:\/\/www.caririemacao.com\/1\/wp-json\/wp\/v2\/types\/post"}],"author":[{"embeddable":true,"href":"https:\/\/www.caririemacao.com\/1\/wp-json\/wp\/v2\/users\/1"}],"replies":[{"embeddable":true,"href":"https:\/\/www.caririemacao.com\/1\/wp-json\/wp\/v2\/comments?post=136325"}],"version-history":[{"count":1,"href":"https:\/\/www.caririemacao.com\/1\/wp-json\/wp\/v2\/posts\/136325\/revisions"}],"predecessor-version":[{"id":136328,"href":"https:\/\/www.caririemacao.com\/1\/wp-json\/wp\/v2\/posts\/136325\/revisions\/136328"}],"wp:featuredmedia":[{"embeddable":true,"href":"https:\/\/www.caririemacao.com\/1\/wp-json\/wp\/v2\/media\/136327"}],"wp:attachment":[{"href":"https:\/\/www.caririemacao.com\/1\/wp-json\/wp\/v2\/media?parent=136325"}],"wp:term":[{"taxonomy":"category","embeddable":true,"href":"https:\/\/www.caririemacao.com\/1\/wp-json\/wp\/v2\/categories?post=136325"},{"taxonomy":"post_tag","embeddable":true,"href":"https:\/\/www.caririemacao.com\/1\/wp-json\/wp\/v2\/tags?post=136325"}],"curies":[{"name":"wp","href":"https:\/\/api.w.org\/{rel}","templated":true}]}}