{"id":136339,"date":"2019-11-18T10:49:28","date_gmt":"2019-11-18T13:49:28","guid":{"rendered":"http:\/\/www.caririemacao.com\/1\/?p=136339"},"modified":"2019-11-18T10:49:28","modified_gmt":"2019-11-18T13:49:28","slug":"prefeitura-de-sume-abre-novamente-pss-para-medico-plantonista-do-hospital","status":"publish","type":"post","link":"https:\/\/www.caririemacao.com\/1\/2019\/11\/18\/prefeitura-de-sume-abre-novamente-pss-para-medico-plantonista-do-hospital\/","title":{"rendered":"Prefeitura de Sum\u00e9 abre novamente PSS para m\u00e9dico plantonista do hospital"},"content":{"rendered":"\n<p>A Prefeitura de Sum\u00e9 abriu novamente inscri\u00e7\u00f5es do processo seletivo para contrata\u00e7\u00e3o de m\u00e9dico plantonista do Hospital e Maternidade Alice de Almeida. S\u00e3o 02 (duas) vagas para m\u00e9dico-cl\u00ednico geral. O sal\u00e1rio varia entre R$ 1.000,00 e R$ 2.400,00, carga hor\u00e1ria plant\u00e3o.<\/p>\n\n\n\n<p>As inscri\u00e7\u00f5es v\u00e3o at\u00e9 quinta-feira (21) e devem ser feitas na Secretaria Municipal de Sa\u00fade, de 08h \u00e0s 13h, no valor de R$ 100,00.<\/p>\n\n\n\n<p>A inscri\u00e7\u00e3o do candidato se far\u00e1 mediante entrega de curr\u00edculo acompanhado da documenta\u00e7\u00e3o comprobat\u00f3ria.<\/p>\n\n\n\n<p>A entrega dos curr\u00edculos, em envelope, ocorrer\u00e1,&nbsp;<strong>exclusivamente,&nbsp;<\/strong>na sede da Secretaria de Sa\u00fade, pessoalmente pelo pr\u00f3prio candidato ou por terceiro, desde que esteja munido de procura\u00e7\u00e3o p\u00fablica ou particular (com firma reconhecida) com poderes para representar o candidato.<\/p>\n\n\n\n<p>O Processo Seletivo ser\u00e1 realizado em uma \u00fanica etapa \u2013 an\u00e1lise curricular, -car\u00e1ter eliminat\u00f3rio e classificat\u00f3rio.<\/p>\n\n\n\n<p>O resultado preliminar do Processo Seletivo ser\u00e1 divulgado at\u00e9 o dia 14 de outubro de 2019.<\/p>\n\n\n\n<p>Confira no link o Edital:&nbsp;<a href=\"http:\/\/www.sume.pb.gov.br\/wp-content\/uploads\/2019\/11\/Edital-de-Abertura-PSS-017.2019_M%C3%A9dico-Plantonista-do-Hospital.pdf\">Edital de Abertura PSS 017.2019_M\u00e9dico Plantonista do Hospital<\/a><\/p>\n\n\n\n<p>Ascom PMS<\/p>\n","protected":false},"excerpt":{"rendered":"<p>A Prefeitura de Sum\u00e9 abriu novamente inscri\u00e7\u00f5es do processo seletivo para contrata\u00e7\u00e3o de m\u00e9dico plantonista do Hospital e Maternidade Alice de Almeida. S\u00e3o 02 (duas)&hellip; <\/p>\n","protected":false},"author":1,"featured_media":84505,"comment_status":"closed","ping_status":"closed","sticky":false,"template":"","format":"standard","meta":{"sfsi_plus_gutenberg_text_before_share":"","sfsi_plus_gutenberg_show_text_before_share":"","sfsi_plus_gutenberg_icon_type":"","sfsi_plus_gutenberg_icon_alignemt":"","sfsi_plus_gutenburg_max_per_row":"","footnotes":""},"categories":[2],"tags":[],"class_list":["post-136339","post","type-post","status-publish","format-standard","has-post-thumbnail","hentry","category-geral"],"_links":{"self":[{"href":"https:\/\/www.caririemacao.com\/1\/wp-json\/wp\/v2\/posts\/136339","targetHints":{"allow":["GET"]}}],"collection":[{"href":"https:\/\/www.caririemacao.com\/1\/wp-json\/wp\/v2\/posts"}],"about":[{"href":"https:\/\/www.caririemacao.com\/1\/wp-json\/wp\/v2\/types\/post"}],"author":[{"embeddable":true,"href":"https:\/\/www.caririemacao.com\/1\/wp-json\/wp\/v2\/users\/1"}],"replies":[{"embeddable":true,"href":"https:\/\/www.caririemacao.com\/1\/wp-json\/wp\/v2\/comments?post=136339"}],"version-history":[{"count":1,"href":"https:\/\/www.caririemacao.com\/1\/wp-json\/wp\/v2\/posts\/136339\/revisions"}],"predecessor-version":[{"id":136341,"href":"https:\/\/www.caririemacao.com\/1\/wp-json\/wp\/v2\/posts\/136339\/revisions\/136341"}],"wp:featuredmedia":[{"embeddable":true,"href":"https:\/\/www.caririemacao.com\/1\/wp-json\/wp\/v2\/media\/84505"}],"wp:attachment":[{"href":"https:\/\/www.caririemacao.com\/1\/wp-json\/wp\/v2\/media?parent=136339"}],"wp:term":[{"taxonomy":"category","embeddable":true,"href":"https:\/\/www.caririemacao.com\/1\/wp-json\/wp\/v2\/categories?post=136339"},{"taxonomy":"post_tag","embeddable":true,"href":"https:\/\/www.caririemacao.com\/1\/wp-json\/wp\/v2\/tags?post=136339"}],"curies":[{"name":"wp","href":"https:\/\/api.w.org\/{rel}","templated":true}]}}