{"id":136348,"date":"2019-11-18T11:00:53","date_gmt":"2019-11-18T14:00:53","guid":{"rendered":"http:\/\/www.caririemacao.com\/1\/?p=136348"},"modified":"2019-11-18T11:00:53","modified_gmt":"2019-11-18T14:00:53","slug":"jovens-colidem-moto-com-animal-em-caraubas-e-um-deles-vem-a-obito","status":"publish","type":"post","link":"https:\/\/www.caririemacao.com\/1\/2019\/11\/18\/jovens-colidem-moto-com-animal-em-caraubas-e-um-deles-vem-a-obito\/","title":{"rendered":"Jovens colidem moto com animal em Cara\u00fabas e um deles vem a \u00f3bito"},"content":{"rendered":"\n<p>Dois acidentes de moto deixaram v\u00edtimas fatais neste domingo (17) na regi\u00e3o do Cariri da Para\u00edba. Al\u00e9m do santoandreense Pedro Soares, que sobrou na pista que liga Parari a Santo Andr\u00e9, um jovem de Cara\u00fabas veio a \u00f3bito ap\u00f3s colidir sua motocicleta com um cavalo.<\/p>\n\n\n\n<p>Segundo informa\u00e7\u00f5es apuradas pela reportagem do portal De Olho no Cariri, tr\u00eas jovens vinham na mesma motocicleta, quando nas proximidades da ponte do Rio Para\u00edba, deparam-se com um animal na rodovia e colidiram de cheio com ele.<\/p>\n\n\n\n<p>O caraubense Diego, conhecido popularmente como \u2018D\u00eaga\u2019, veio a \u00f3bito no pr\u00f3prio local do acidente. J\u00e1 os dois outros jovens que estavam na moto foram socorridos. Um teve pequenas escoria\u00e7\u00f5es e j\u00e1 foi liberado e outro foi socorrido para o Hospital de Serra Branca, mas n\u00e3o corre risco de morte.<\/p>\n\n\n\n<p>A cidade de Cara\u00fabas est\u00e1 de luto pelo ocorrido e sua popula\u00e7\u00e3o revoltada com a quantidade de animais soltos na rodovia que interliga Cara\u00fabas a S\u00e3o Domingos do Cariri, colocando constantemente a vida de motociclistas em risco.<\/p>\n\n\n\n<p><strong>De Olho no Cariri<\/strong><\/p>\n","protected":false},"excerpt":{"rendered":"<p>Dois acidentes de moto deixaram v\u00edtimas fatais neste domingo (17) na regi\u00e3o do Cariri da Para\u00edba. Al\u00e9m do santoandreense Pedro Soares, que sobrou na pista&hellip; <\/p>\n","protected":false},"author":1,"featured_media":136350,"comment_status":"closed","ping_status":"closed","sticky":false,"template":"","format":"standard","meta":{"sfsi_plus_gutenberg_text_before_share":"","sfsi_plus_gutenberg_show_text_before_share":"","sfsi_plus_gutenberg_icon_type":"","sfsi_plus_gutenberg_icon_alignemt":"","sfsi_plus_gutenburg_max_per_row":"","footnotes":""},"categories":[12],"tags":[],"class_list":["post-136348","post","type-post","status-publish","format-standard","has-post-thumbnail","hentry","category-policia"],"_links":{"self":[{"href":"https:\/\/www.caririemacao.com\/1\/wp-json\/wp\/v2\/posts\/136348","targetHints":{"allow":["GET"]}}],"collection":[{"href":"https:\/\/www.caririemacao.com\/1\/wp-json\/wp\/v2\/posts"}],"about":[{"href":"https:\/\/www.caririemacao.com\/1\/wp-json\/wp\/v2\/types\/post"}],"author":[{"embeddable":true,"href":"https:\/\/www.caririemacao.com\/1\/wp-json\/wp\/v2\/users\/1"}],"replies":[{"embeddable":true,"href":"https:\/\/www.caririemacao.com\/1\/wp-json\/wp\/v2\/comments?post=136348"}],"version-history":[{"count":1,"href":"https:\/\/www.caririemacao.com\/1\/wp-json\/wp\/v2\/posts\/136348\/revisions"}],"predecessor-version":[{"id":136351,"href":"https:\/\/www.caririemacao.com\/1\/wp-json\/wp\/v2\/posts\/136348\/revisions\/136351"}],"wp:featuredmedia":[{"embeddable":true,"href":"https:\/\/www.caririemacao.com\/1\/wp-json\/wp\/v2\/media\/136350"}],"wp:attachment":[{"href":"https:\/\/www.caririemacao.com\/1\/wp-json\/wp\/v2\/media?parent=136348"}],"wp:term":[{"taxonomy":"category","embeddable":true,"href":"https:\/\/www.caririemacao.com\/1\/wp-json\/wp\/v2\/categories?post=136348"},{"taxonomy":"post_tag","embeddable":true,"href":"https:\/\/www.caririemacao.com\/1\/wp-json\/wp\/v2\/tags?post=136348"}],"curies":[{"name":"wp","href":"https:\/\/api.w.org\/{rel}","templated":true}]}}