{"id":136361,"date":"2019-11-18T11:10:41","date_gmt":"2019-11-18T14:10:41","guid":{"rendered":"http:\/\/www.caririemacao.com\/1\/?p=136361"},"modified":"2019-11-18T11:10:41","modified_gmt":"2019-11-18T14:10:41","slug":"policia-civil-cumpre-mandado-de-prisao-em-monteiro-2","status":"publish","type":"post","link":"https:\/\/www.caririemacao.com\/1\/2019\/11\/18\/policia-civil-cumpre-mandado-de-prisao-em-monteiro-2\/","title":{"rendered":"Pol\u00edcia Civil cumpre mandado de pris\u00e3o em Monteiro"},"content":{"rendered":"\n<p>A Pol\u00edcia Civil da Para\u00edba, por meio do Grupo T\u00e1tico Especial \u2013 GTE e do Ordin\u00e1rio Plantonista, vinculados \u00e0 14\u00aa DSPC\/MONTEIRO, prenderam neste s\u00e1bado (16), um homem de 28 anos, na cidade de Monteiro.<\/p>\n\n\n\n<p>De acordo com o Delegado Seccional de Monteiro, Dr. Cristiano Santana, a pris\u00e3o \u00e9 decorrente de um mandado de pris\u00e3o preventiva expedido pela Comarca de Tapero\u00e1, tamb\u00e9m no Cariri, por decis\u00e3o condenat\u00f3ria pelo crime de furto qualificado.<\/p>\n\n\n\n<p>O homem foi encaminhado para a 14\u00aa DSPC para as medidas cab\u00edveis.<\/p>\n\n\n\n<p>Vitrine do cariri<\/p>\n","protected":false},"excerpt":{"rendered":"<p>A Pol\u00edcia Civil da Para\u00edba, por meio do Grupo T\u00e1tico Especial \u2013 GTE e do Ordin\u00e1rio Plantonista, vinculados \u00e0 14\u00aa DSPC\/MONTEIRO, prenderam neste s\u00e1bado (16),&hellip; <\/p>\n","protected":false},"author":1,"featured_media":101675,"comment_status":"closed","ping_status":"closed","sticky":false,"template":"","format":"standard","meta":{"sfsi_plus_gutenberg_text_before_share":"","sfsi_plus_gutenberg_show_text_before_share":"","sfsi_plus_gutenberg_icon_type":"","sfsi_plus_gutenberg_icon_alignemt":"","sfsi_plus_gutenburg_max_per_row":"","footnotes":""},"categories":[12],"tags":[],"class_list":["post-136361","post","type-post","status-publish","format-standard","has-post-thumbnail","hentry","category-policia"],"_links":{"self":[{"href":"https:\/\/www.caririemacao.com\/1\/wp-json\/wp\/v2\/posts\/136361","targetHints":{"allow":["GET"]}}],"collection":[{"href":"https:\/\/www.caririemacao.com\/1\/wp-json\/wp\/v2\/posts"}],"about":[{"href":"https:\/\/www.caririemacao.com\/1\/wp-json\/wp\/v2\/types\/post"}],"author":[{"embeddable":true,"href":"https:\/\/www.caririemacao.com\/1\/wp-json\/wp\/v2\/users\/1"}],"replies":[{"embeddable":true,"href":"https:\/\/www.caririemacao.com\/1\/wp-json\/wp\/v2\/comments?post=136361"}],"version-history":[{"count":1,"href":"https:\/\/www.caririemacao.com\/1\/wp-json\/wp\/v2\/posts\/136361\/revisions"}],"predecessor-version":[{"id":136363,"href":"https:\/\/www.caririemacao.com\/1\/wp-json\/wp\/v2\/posts\/136361\/revisions\/136363"}],"wp:featuredmedia":[{"embeddable":true,"href":"https:\/\/www.caririemacao.com\/1\/wp-json\/wp\/v2\/media\/101675"}],"wp:attachment":[{"href":"https:\/\/www.caririemacao.com\/1\/wp-json\/wp\/v2\/media?parent=136361"}],"wp:term":[{"taxonomy":"category","embeddable":true,"href":"https:\/\/www.caririemacao.com\/1\/wp-json\/wp\/v2\/categories?post=136361"},{"taxonomy":"post_tag","embeddable":true,"href":"https:\/\/www.caririemacao.com\/1\/wp-json\/wp\/v2\/tags?post=136361"}],"curies":[{"name":"wp","href":"https:\/\/api.w.org\/{rel}","templated":true}]}}