{"id":136378,"date":"2019-11-18T12:52:53","date_gmt":"2019-11-18T15:52:53","guid":{"rendered":"http:\/\/www.caririemacao.com\/1\/?p=136378"},"modified":"2019-11-18T12:52:53","modified_gmt":"2019-11-18T15:52:53","slug":"infracoes-de-transito-no-feriado-de-proclamacao-da-republica-aumentam-129-em-2019","status":"publish","type":"post","link":"https:\/\/www.caririemacao.com\/1\/2019\/11\/18\/infracoes-de-transito-no-feriado-de-proclamacao-da-republica-aumentam-129-em-2019\/","title":{"rendered":"Infra\u00e7\u00f5es de tr\u00e2nsito no feriado de Proclama\u00e7\u00e3o da Rep\u00fablica aumentam 129% em 2019"},"content":{"rendered":"\n<p>As infra\u00e7\u00f5es de&nbsp;tr\u00e2nsito no feriado de Proclama\u00e7\u00e3o da Rep\u00fablica aumentaram 129% em 2019, na Para\u00edba. Os dados foram divulgados pela&nbsp;Pol\u00edcia Rodovi\u00e1ria Federal (PRF).&nbsp;<\/p>\n\n\n\n<p>A Opera\u00e7\u00e3o Proclama\u00e7\u00e3o da Rep\u00fablica 2019 come\u00e7ou \u00e0s 0h da quinta-feira (14) e encerrou \u00e0s 23h59 deste domingo (17). A PRF refor\u00e7ou o policiamento ostensivo e preventivo nas rodovias federais com o objetivo de coibir crimes e intensificar a fiscaliza\u00e7\u00e3o de tr\u00e2nsito.<\/p>\n\n\n\n<p>Nas rodovias federais que cortam o estado da Para\u00edba, foram registrados um total de 20 acidentes que resultaram em 18 pessoas feridas e tr\u00eas mortes. Houve uma redu\u00e7\u00e3o de 33% no n\u00famero de acidentes comparado a Opera\u00e7\u00e3o Proclama\u00e7\u00e3o da Rep\u00fablica 2018, quando foram registrados 30 acidentes nas rodovias federais da para\u00edba. No ano anterior, a Opera\u00e7\u00e3o Proclama\u00e7\u00e3o da Rep\u00fablica teve dura\u00e7\u00e3o de 4 dias em virtude do dia 15 de novembro ter sido na quinta-feira. Al\u00e9m de uma queda percentual de 30% no n\u00famero de pessoas feridas, em 2018 foram registrados 26 feridos e na Opera\u00e7\u00e3o Proclama\u00e7\u00e3o da Rep\u00fablica 2019 o n\u00famero foi de 18 feridos.&nbsp;<\/p>\n\n\n\n<p>Indicadores da PRF apontam que entre os dias 14 e 17 de novembro, foram fiscalizados um total de 1.947 pessoas, feitos 1.216 testes de etil\u00f4metro, sendo 32 motoristas flagrados sob efeito de \u00e1lcool e emitidos 1.267 Autos de Infra\u00e7\u00e3o, aproximadamente 129% a mais comparado aos 554 Autos de Infra\u00e7\u00e3o que foram emitidos na Opera\u00e7\u00e3o Proclama\u00e7\u00e3o da Rep\u00fablica em 2018.&nbsp;&nbsp;<\/p>\n","protected":false},"excerpt":{"rendered":"<p>As infra\u00e7\u00f5es de&nbsp;tr\u00e2nsito no feriado de Proclama\u00e7\u00e3o da Rep\u00fablica aumentaram 129% em 2019, na Para\u00edba. Os dados foram divulgados pela&nbsp;Pol\u00edcia Rodovi\u00e1ria Federal (PRF).&nbsp; A Opera\u00e7\u00e3o&hellip; <\/p>\n","protected":false},"author":1,"featured_media":117970,"comment_status":"closed","ping_status":"closed","sticky":false,"template":"","format":"standard","meta":{"sfsi_plus_gutenberg_text_before_share":"","sfsi_plus_gutenberg_show_text_before_share":"","sfsi_plus_gutenberg_icon_type":"","sfsi_plus_gutenberg_icon_alignemt":"","sfsi_plus_gutenburg_max_per_row":"","footnotes":""},"categories":[2],"tags":[],"class_list":["post-136378","post","type-post","status-publish","format-standard","has-post-thumbnail","hentry","category-geral"],"_links":{"self":[{"href":"https:\/\/www.caririemacao.com\/1\/wp-json\/wp\/v2\/posts\/136378","targetHints":{"allow":["GET"]}}],"collection":[{"href":"https:\/\/www.caririemacao.com\/1\/wp-json\/wp\/v2\/posts"}],"about":[{"href":"https:\/\/www.caririemacao.com\/1\/wp-json\/wp\/v2\/types\/post"}],"author":[{"embeddable":true,"href":"https:\/\/www.caririemacao.com\/1\/wp-json\/wp\/v2\/users\/1"}],"replies":[{"embeddable":true,"href":"https:\/\/www.caririemacao.com\/1\/wp-json\/wp\/v2\/comments?post=136378"}],"version-history":[{"count":1,"href":"https:\/\/www.caririemacao.com\/1\/wp-json\/wp\/v2\/posts\/136378\/revisions"}],"predecessor-version":[{"id":136380,"href":"https:\/\/www.caririemacao.com\/1\/wp-json\/wp\/v2\/posts\/136378\/revisions\/136380"}],"wp:featuredmedia":[{"embeddable":true,"href":"https:\/\/www.caririemacao.com\/1\/wp-json\/wp\/v2\/media\/117970"}],"wp:attachment":[{"href":"https:\/\/www.caririemacao.com\/1\/wp-json\/wp\/v2\/media?parent=136378"}],"wp:term":[{"taxonomy":"category","embeddable":true,"href":"https:\/\/www.caririemacao.com\/1\/wp-json\/wp\/v2\/categories?post=136378"},{"taxonomy":"post_tag","embeddable":true,"href":"https:\/\/www.caririemacao.com\/1\/wp-json\/wp\/v2\/tags?post=136378"}],"curies":[{"name":"wp","href":"https:\/\/api.w.org\/{rel}","templated":true}]}}