{"id":136385,"date":"2019-11-18T12:55:01","date_gmt":"2019-11-18T15:55:01","guid":{"rendered":"http:\/\/www.caririemacao.com\/1\/?p=136385"},"modified":"2019-11-18T12:55:01","modified_gmt":"2019-11-18T15:55:01","slug":"bolsonaro-aguarda-melhora-em-clima-politico-para-enviar-reforma-administrativa","status":"publish","type":"post","link":"https:\/\/www.caririemacao.com\/1\/2019\/11\/18\/bolsonaro-aguarda-melhora-em-clima-politico-para-enviar-reforma-administrativa\/","title":{"rendered":"Bolsonaro aguarda melhora em clima pol\u00edtico para enviar reforma administrativa"},"content":{"rendered":"\n<p>O presidente Jair Bolsonaro afirmou nesta segunda-feira (18) que n\u00e3o h\u00e1 pressa para o envio da reforma administrativa e que aguarda uma melhora no clima pol\u00edtico no Poder Legislativo para evitar uma rea\u00e7\u00e3o negativa \u00e0 proposta.<\/p>\n\n\n\n<p>A apresenta\u00e7\u00e3o do texto, elaborado pela equipe econ\u00f4mica, estava prevista para os pr\u00f3ximos dias. A articula\u00e7\u00e3o pol\u00edtica do Pal\u00e1cio do Planalto, no entanto, recebeu sinais de resist\u00eancia \u00e0 medida tanto de parlamentares de direita como de esquerda.<\/p>\n\n\n\n<p>&#8220;Est\u00e1 no forno. Est\u00e1 no forno, p\u00f4. Para que tanta pressa? N\u00e3o to entendendo&#8221;, disse o presidente, ao ser perguntado pela imprensa no Pal\u00e1cio do Planalto. &#8220;Tem que mandar para l\u00e1 para ter menos atrito poss\u00edvel. \u00c9 s\u00f3 isso&#8221;, acrescentou.<\/p>\n\n\n\n<p>No domingo (17), Bolsonaro disse que a proposta deve levar mais tempo para ser conclu\u00edda. Nos \u00faltimos dias, o ministro Paulo Guedes (Economia) tamb\u00e9m adotou posi\u00e7\u00e3o de cautela e segurou a apresenta\u00e7\u00e3o da reforma.<\/p>\n\n\n\n<p>&#8220;Eu falei um pouco ontem e fizeram uma festa&#8221;, disse o presidente nesta segunda-feira (18) em rea\u00e7\u00e3o \u00e0 repercuss\u00e3o de sua declara\u00e7\u00e3o no final de semana.<\/p>\n\n\n\n<p>A proposta altera carreiras e sal\u00e1rios dos servidores p\u00fablicos. Ela \u00e9 considerada sens\u00edvel porque atinge uma categoria de trabalhadores que tem forte lobby no Legislativo. A frente parlamentar do servi\u00e7o p\u00fablico tem 255 deputados, o que corresponde a quase metade dos 513.<\/p>\n\n\n\n<p>At\u00e9 os \u00faltimos dias, a equipe econ\u00f4mica trabalhava com a divulga\u00e7\u00e3o na pr\u00f3xima ter\u00e7a-feira (19). Diante da forte resist\u00eancia, o Pal\u00e1cio do Planalto cogita deix\u00e1-la para o pr\u00f3ximo ano. A principal preocupa\u00e7\u00e3o \u00e9 a de que, diante da deflagra\u00e7\u00e3o de protestos na Am\u00e9rica do Sul, a iniciativa gere manifesta\u00e7\u00f5es tamb\u00e9m no Brasil.<\/p>\n\n\n\n<p>Inicialmente, o pacote tinha previs\u00e3o de ser apresentado junto com a proposta de pacto federativo (que prop\u00f5e altera\u00e7\u00e3o de regras fiscais e or\u00e7ament\u00e1rias), no come\u00e7o do m\u00eas. Mas a reestrutura\u00e7\u00e3o do servi\u00e7o p\u00fablico foi adiada.<\/p>\n","protected":false},"excerpt":{"rendered":"<p>O presidente Jair Bolsonaro afirmou nesta segunda-feira (18) que n\u00e3o h\u00e1 pressa para o envio da reforma administrativa e que aguarda uma melhora no clima&hellip; <\/p>\n","protected":false},"author":1,"featured_media":135566,"comment_status":"closed","ping_status":"closed","sticky":false,"template":"","format":"standard","meta":{"sfsi_plus_gutenberg_text_before_share":"","sfsi_plus_gutenberg_show_text_before_share":"","sfsi_plus_gutenberg_icon_type":"","sfsi_plus_gutenberg_icon_alignemt":"","sfsi_plus_gutenburg_max_per_row":"","footnotes":""},"categories":[11],"tags":[],"class_list":["post-136385","post","type-post","status-publish","format-standard","has-post-thumbnail","hentry","category-politica"],"_links":{"self":[{"href":"https:\/\/www.caririemacao.com\/1\/wp-json\/wp\/v2\/posts\/136385","targetHints":{"allow":["GET"]}}],"collection":[{"href":"https:\/\/www.caririemacao.com\/1\/wp-json\/wp\/v2\/posts"}],"about":[{"href":"https:\/\/www.caririemacao.com\/1\/wp-json\/wp\/v2\/types\/post"}],"author":[{"embeddable":true,"href":"https:\/\/www.caririemacao.com\/1\/wp-json\/wp\/v2\/users\/1"}],"replies":[{"embeddable":true,"href":"https:\/\/www.caririemacao.com\/1\/wp-json\/wp\/v2\/comments?post=136385"}],"version-history":[{"count":1,"href":"https:\/\/www.caririemacao.com\/1\/wp-json\/wp\/v2\/posts\/136385\/revisions"}],"predecessor-version":[{"id":136387,"href":"https:\/\/www.caririemacao.com\/1\/wp-json\/wp\/v2\/posts\/136385\/revisions\/136387"}],"wp:featuredmedia":[{"embeddable":true,"href":"https:\/\/www.caririemacao.com\/1\/wp-json\/wp\/v2\/media\/135566"}],"wp:attachment":[{"href":"https:\/\/www.caririemacao.com\/1\/wp-json\/wp\/v2\/media?parent=136385"}],"wp:term":[{"taxonomy":"category","embeddable":true,"href":"https:\/\/www.caririemacao.com\/1\/wp-json\/wp\/v2\/categories?post=136385"},{"taxonomy":"post_tag","embeddable":true,"href":"https:\/\/www.caririemacao.com\/1\/wp-json\/wp\/v2\/tags?post=136385"}],"curies":[{"name":"wp","href":"https:\/\/api.w.org\/{rel}","templated":true}]}}