{"id":136395,"date":"2019-11-18T12:57:03","date_gmt":"2019-11-18T15:57:03","guid":{"rendered":"http:\/\/www.caririemacao.com\/1\/?p=136395"},"modified":"2019-11-18T12:57:03","modified_gmt":"2019-11-18T15:57:03","slug":"desmatamento-na-amazonia-bate-recorde-e-cresce-295-em-12-meses","status":"publish","type":"post","link":"https:\/\/www.caririemacao.com\/1\/2019\/11\/18\/desmatamento-na-amazonia-bate-recorde-e-cresce-295-em-12-meses\/","title":{"rendered":"Desmatamento na Amaz\u00f4nia bate recorde e cresce 29,5% em 12 meses"},"content":{"rendered":"\n<p>Entre agosto de 2018 e julho de 2019 o Brasil bateu o recorde do desmatamento desta d\u00e9cada. Foram destru\u00eddos 9762 km\u00b2, um aumento de 29,5% em compara\u00e7\u00e3o com o ano anterior.<\/p>\n\n\n\n<p>O aumento percentual desse ano \u00e9 o terceiro maior da hist\u00f3ria. Aumentos t\u00e3o acentuados s\u00f3 foram vistos nos anos de 1995 e 1998. No primeiro, o crescimento foi de 95% e a taxa alcan\u00e7ou o pico hist\u00f3rico: 29.100 km\u00b2 de \u00e1rea devastada. J\u00e1 em 1998 o aumento do desmate foi de 31%.<\/p>\n\n\n\n<p>Os dados anuais consolidados do desmatamento da Amaz\u00f4nia foram divulgados na manh\u00e3 desta segunda (18), em S\u00e3o Jos\u00e9 dos Campos, na sede do Inpe (Instituto Nacional de Pesquisas Espaciais). A divulga\u00e7\u00e3o teve a presen\u00e7a dos ministros Ricardo Salles (Meio Ambiente) e Marcos Pontes (Ci\u00eancia), al\u00e9m de Darcton Dami\u00e3o, diretor interino do Inpe.<\/p>\n\n\n\n<p>Salles tamb\u00e9m anunciou o retorno do Projeto TerraClass (que qualifica o desmatamento na Amaz\u00f4nia Legal).<\/p>\n\n\n\n<p>Os dados de 2017 a 2018 j\u00e1 tinham batido o recorde da d\u00e9cada. No per\u00edodo, foram destru\u00eddos 7.536 km\u00b2 de floresta, o maior valor desde 2008 at\u00e9 aquele momento. A alta no desmatamento era aventada desde o ano passado por pesquisadores da \u00e1rea.&nbsp;<\/p>\n\n\n\n<p>Durante as elei\u00e7\u00f5es presidenciais, ambientalistas temiam que o discurso do ent\u00e3o candidato Jair Bolsonaro pudesse servir de combust\u00edvel para o aumento do desmate.<\/p>\n\n\n\n<p>Na campanha presidencial, Bolsonaro criticou repetidas vezes a fiscaliza\u00e7\u00e3o ambiental feita pelo Ibama e afirmou que o pa\u00eds tem muitas unidades de conserva\u00e7\u00e3o e terras ind\u00edgenas. Tamb\u00e9m cogitou fundir o Minist\u00e9rio do Meio Ambiente com o da Agricultura, mas recuou.&nbsp;<\/p>\n\n\n\n<p>Durante o per\u00edodo eleitoral, de agosto a outubro, a destrui\u00e7\u00e3o na floresta cresceu 48,8% em compara\u00e7\u00e3o com o mesmo per\u00edodo do ano anterior.&nbsp;<\/p>\n\n\n\n<p>Bolsonaro n\u00e3o diminui o tom do discurso ap\u00f3s a vit\u00f3ria na elei\u00e7\u00e3o. Continuou a criticar os fiscais do Ibama (e exonerou o funcion\u00e1rio que lhe aplicou uma multa ambiental em 2012), sinalizou que deve atender os anseios de garimpeiros cujo maquin\u00e1rio foi destru\u00eddo pelo Ibama, atacou duramente os dados de desmatamento produzidos pelo monitoramento do Inpe que j\u00e1 indicavam tend\u00eancia de alta no desmatamento em seu mandato.&nbsp;<\/p>\n\n\n\n<p>O presidente afirmou que os dados sobre desmatamento da Amaz\u00f4nia eram incorretos, exagerados e prejudicavam a imagem do pa\u00eds. O presidente tamb\u00e9m sugeriu que o ent\u00e3o diretor do Inpe, o engenheiro Ricardo Galv\u00e3o, poderia estar &#8220;a servi\u00e7o de alguma ONG&#8221; e que os dados crescentes de desmate n\u00e3o condiziam com a realidade. &#8220;Eu entendo a necessidade de preservar, mas a psicose ambiental deixou de existir comigo&#8221;, disse em julho.<\/p>\n\n\n\n<p>Galv\u00e3o se defendeu das cr\u00edticas em entrevistas \u00e0 imprensa. \u00c0 Folha de S.Paulo ele disse que at\u00e9 poderia ser demitido, mas que o Inpe era s\u00f3lido o suficiente para resistir aos ataques do governo. Ele foi exonerado em seguida.&nbsp;<\/p>\n\n\n\n<p>Entre outras medidas tomadas pela gest\u00e3o Bolsonaro est\u00e3o a transfer\u00eancia de \u00f3rg\u00e3os do Minist\u00e9rio do Meio Ambiente para outras pastas e a paralisa\u00e7\u00e3o do Fundo Amaz\u00f4nia, que recebia dinheiro da Noruega e Alemanha para estimular a\u00e7\u00f5es de controle sobre desmatamento e uso sustent\u00e1vel do bioma.<\/p>\n\n\n\n<p>Ainda assim, a culpa pela alta da destrui\u00e7\u00e3o da floresta amaz\u00f4nica n\u00e3o pode ser atribu\u00edda exclusivamente ao atual presidente. A tend\u00eancia de aumento da destrui\u00e7\u00e3o \u00e9 percebida desde 2012.<\/p>\n\n\n\n<p>Segundo Raoni Raj\u00e3o, pesquisador da UFMG (Universidade Federal de Minas Gerais), a elevada taxa alcan\u00e7ada neste ano pode ter suas origens ainda nos governos do PT e na crescente influ\u00eancia do agroneg\u00f3cio no Congresso.<\/p>\n\n\n\n<p>Mas, para Raj\u00e3o, os governos petistas mantiveram uma pol\u00edtica forte de combate ao desmatamento focada no comando e controle. Em meio a elevadas taxas de destrui\u00e7\u00e3o, a ex- ministra do Meio Ambiente Marina Silva criou o sistema Deter (alertas de desmatamento via Detec\u00e7\u00e3o do Desmatamento na Amaz\u00f4nia Legal em Tempo Real), em 2004, para aprimorar o trabalho do Ibama na a\u00e7\u00f5es de conten\u00e7\u00e3o do desmate.&nbsp;<\/p>\n\n\n\n<p>Segundo ele, a situa\u00e7\u00e3o come\u00e7ou a mudar no governo Dilma Rousseff. &#8220;Ela nunca tratou a quest\u00e3o ambiental como primordial. O Temer come\u00e7a a ceder a uma s\u00e9rie de press\u00f5es, como o decreto da Renca [que extinguiria a Reserva Nacional do Cobre Associados, na Amaz\u00f4nia], que ele voltou atr\u00e1s, e de Jamanxim [vetando a medida provis\u00f3ria que reduzia o n\u00edvel de prote\u00e7\u00e3o de parte de floresta no Par\u00e1]&#8221;, afirma.<\/p>\n\n\n\n<p>O pesquisador cita a anistia a desmatadores, mantida pelo STF no C\u00f3digo Florestal de 2012, como um dos fatores que pode ter tido impacto no aumento do desmatamento observado nos \u00faltimos anos. &#8220;Com Bolsonaro, as a\u00e7\u00f5es de desmonte ambiental e o discurso ficam mais expl\u00edcitos&#8221;, diz Raj\u00e3o.<\/p>\n\n\n\n<p>Al\u00e9m do desmatamento recorde entre 2018-2019, o pesquisador diz que as taxas para o pr\u00f3ximo ano j\u00e1 s\u00e3o preocupantes, considerando que os meses de agosto e setembro apresentaram acentuados aumentos de destrui\u00e7\u00e3o, e ser\u00e3o contabilizadas no Prodes 2019-2020.&nbsp;<\/p>\n\n\n\n<p>Raj\u00e3o e outros pesquisadores estimam que o Brasil n\u00e3o conseguir\u00e1 cumprir sua meta da Pol\u00edtica Nacional sobre Mudan\u00e7a do Clima de reduzir 80% do desmatamento na Amaz\u00f4nia (em rela\u00e7\u00e3o \u00e0 m\u00e9dia entre os anos de 1996 a 2005) at\u00e9 2020.<\/p>\n","protected":false},"excerpt":{"rendered":"<p>Entre agosto de 2018 e julho de 2019 o Brasil bateu o recorde do desmatamento desta d\u00e9cada. Foram destru\u00eddos 9762 km\u00b2, um aumento de 29,5%&hellip; <\/p>\n","protected":false},"author":1,"featured_media":136396,"comment_status":"closed","ping_status":"closed","sticky":false,"template":"","format":"standard","meta":{"sfsi_plus_gutenberg_text_before_share":"","sfsi_plus_gutenberg_show_text_before_share":"","sfsi_plus_gutenberg_icon_type":"","sfsi_plus_gutenberg_icon_alignemt":"","sfsi_plus_gutenburg_max_per_row":"","footnotes":""},"categories":[2],"tags":[],"class_list":["post-136395","post","type-post","status-publish","format-standard","has-post-thumbnail","hentry","category-geral"],"_links":{"self":[{"href":"https:\/\/www.caririemacao.com\/1\/wp-json\/wp\/v2\/posts\/136395","targetHints":{"allow":["GET"]}}],"collection":[{"href":"https:\/\/www.caririemacao.com\/1\/wp-json\/wp\/v2\/posts"}],"about":[{"href":"https:\/\/www.caririemacao.com\/1\/wp-json\/wp\/v2\/types\/post"}],"author":[{"embeddable":true,"href":"https:\/\/www.caririemacao.com\/1\/wp-json\/wp\/v2\/users\/1"}],"replies":[{"embeddable":true,"href":"https:\/\/www.caririemacao.com\/1\/wp-json\/wp\/v2\/comments?post=136395"}],"version-history":[{"count":1,"href":"https:\/\/www.caririemacao.com\/1\/wp-json\/wp\/v2\/posts\/136395\/revisions"}],"predecessor-version":[{"id":136397,"href":"https:\/\/www.caririemacao.com\/1\/wp-json\/wp\/v2\/posts\/136395\/revisions\/136397"}],"wp:featuredmedia":[{"embeddable":true,"href":"https:\/\/www.caririemacao.com\/1\/wp-json\/wp\/v2\/media\/136396"}],"wp:attachment":[{"href":"https:\/\/www.caririemacao.com\/1\/wp-json\/wp\/v2\/media?parent=136395"}],"wp:term":[{"taxonomy":"category","embeddable":true,"href":"https:\/\/www.caririemacao.com\/1\/wp-json\/wp\/v2\/categories?post=136395"},{"taxonomy":"post_tag","embeddable":true,"href":"https:\/\/www.caririemacao.com\/1\/wp-json\/wp\/v2\/tags?post=136395"}],"curies":[{"name":"wp","href":"https:\/\/api.w.org\/{rel}","templated":true}]}}