{"id":136404,"date":"2019-11-18T13:00:43","date_gmt":"2019-11-18T16:00:43","guid":{"rendered":"http:\/\/www.caririemacao.com\/1\/?p=136404"},"modified":"2019-11-18T13:00:43","modified_gmt":"2019-11-18T16:00:43","slug":"na-franca-governadores-do-nordeste-apresentam-oportunidades-de-negocios-a-40-empresas","status":"publish","type":"post","link":"https:\/\/www.caririemacao.com\/1\/2019\/11\/18\/na-franca-governadores-do-nordeste-apresentam-oportunidades-de-negocios-a-40-empresas\/","title":{"rendered":"Na Fran\u00e7a, governadores do Nordeste apresentam oportunidades de neg\u00f3cios a 40 empresas"},"content":{"rendered":"\n<p>Os governadores do Nordeste iniciaram, nesta segunda-feira (18), a miss\u00e3o na Europa. Durante evento em Paris, o grupo apresentou a 40 empres\u00e1rios franceses um mapa de oportunidades de investimentos no Nordeste. Os empres\u00e1rios tamb\u00e9m puderam esclarecer d\u00favidas com os governadores e alguns apresentaram atua\u00e7\u00f5es que j\u00e1 possuem no Brasil.<\/p>\n\n\n\n<p>Esta \u00e9 a primeira articula\u00e7\u00e3o internacional do Cons\u00f3rcio Interestadual de Desenvolvimento Sustent\u00e1vel do Nordeste (Cons\u00f3rcio Nordeste). Para ampliar o fluxo de neg\u00f3cios com investidores europeus e fortalecer as rela\u00e7\u00f5es de coopera\u00e7\u00e3o, o cons\u00f3rcio destaca o potencial de consumo e de desenvolvimento da regi\u00e3o nordestina, que re\u00fane 57,1 milh\u00f5es de habitantes e tem um Produto Interno Bruto (PIB) de R$ 898,1 bilh\u00f5es, equivalente a 14% do PIB brasileiro.<\/p>\n\n\n\n<p>Na viagem \u00e0 Europa, o objetivo dos governadores \u00e9 atrair recursos para \u00e1reas integradoras, como sustentabilidade, infraestrutura, turismo, sa\u00fade, seguran\u00e7a p\u00fablica, saneamento e energias limpas, inclusive com a perspectiva de abertura de parcerias p\u00fablico-privadas (PPPs).<\/p>\n\n\n\n<p>O governador da Para\u00edba, Jo\u00e3o Azev\u00eado, ressaltou as a\u00e7\u00f5es realizadas pelos estados nordestinos nas \u00e1reas de educa\u00e7\u00e3o e empreendedorismo. \u201cN\u00f3s entendemos claramente que temos que buscar, aliado ao desenvolvimento econ\u00f4mico de uma regi\u00e3o, a inclus\u00e3o social como um tema principal, por isso, que todos os estados da Regi\u00e3o t\u00eam se destacado na educa\u00e7\u00e3o, o que \u00e9 muito importante porque possibilita que os jovens possam ingressar no mercado de trabalho da melhor maneira poss\u00edvel. N\u00f3s temos a compreens\u00e3o de que no mundo e nas rela\u00e7\u00f5es de trabalho que temos hoje completamente diferentes das vivenciadas tempos atr\u00e1s, o empreendedorismo \u00e9 fundamental para que a gente possa ter uma educa\u00e7\u00e3o de qualidade, mas, ao mesmo tempo, permitindo que o jovem tenha uma vis\u00e3o de mundo e de rela\u00e7\u00f5es trabalhistas diferentes\u201d, afirmou.<\/p>\n\n\n\n<p>Ele tamb\u00e9m destacou as potencialidades do Nordeste no turismo e na gera\u00e7\u00e3o de energias alternativas. \u201cH\u00e1 um potencial enorme a ser explorado pelas belezas naturais; ent\u00e3o esse \u00e9 um segmento com uma margem muito grande para receber investimentos de todo o mundo\u201d, acrescentou.<\/p>\n\n\n\n<p><strong>Oportunidades<\/strong>&nbsp;&#8211; O governador da Bahia e presidente do Cons\u00f3rcio Nordeste, Rui Costa, mostrou aos franceses as oportunidades em segmentos como energia, conectividade, seguran\u00e7a, al\u00e9m da preserva\u00e7\u00e3o de rios e nascentes.<\/p>\n\n\n\n<p>\u201cQueremos com essa visita aumentar os n\u00fameros de nossa rela\u00e7\u00e3o comercial com a Europa. O Nordeste \u00e9 a regi\u00e3o do Brasil que tem crescido acima da m\u00e9dia.&nbsp; Temos 33 projetos para licitar em PPPs, representando R$ 27 bilh\u00f5es em investimentos\u201d.<\/p>\n\n\n\n<p>O diretor geral do tesouro franc\u00eas, Cristophe Bories, disse que \u201ca Fran\u00e7a investe mais no Brasil do que na China. O Nordeste \u00e9 uma regi\u00e3o que tem tr\u00eas vezes a superf\u00edcie da Fran\u00e7a e tem desafios e oportunidades para nossas empresas. As autoridades francesas est\u00e3o mobilizadas para apoiar projetos no Brasil atrav\u00e9s de financiamentos. Podemos fazer v\u00e1rios tipos de coopera\u00e7\u00e3o entre a Fran\u00e7a e os estados do Nordeste\u201d.<\/p>\n\n\n\n<p>Para Luis Cesar Gasser, representante do Itamaraty presente na reuni\u00e3o, o Governo Federal v\u00ea muito potencial nessa parceria do Nordeste com a Europa e est\u00e1 interessado em aprimorar o que for preciso para atrair mais investimentos estrangeiros.<\/p>\n\n\n\n<p>O integrante do Movimento das Empresas da Fran\u00e7a (Medef), G\u00e9rard Wolf, se mostrou interessado em dar andamento \u00e0s negocia\u00e7\u00f5es e sugeriu uma reuni\u00e3o nos pr\u00f3ximos meses em Salvador para aprofundar as discuss\u00f5es com as empresas francesas.<\/p>\n\n\n\n<p>\u201cEsta miss\u00e3o mostra a import\u00e2ncia da uni\u00e3o dos estados do Nordeste, que enfrentam desafios semelhantes, e que atuam juntos para avan\u00e7ar nas solu\u00e7\u00f5es. Estamos mostrando as potencialidades do Nordeste para o mundo em busca de novas parcerias e novas oportunidades de neg\u00f3cios\u201d, comentou o governador do Cear\u00e1, Camilo Santana.<\/p>\n\n\n\n<p>Organizado pelo Medef, o evento ocorreu na sede do Minist\u00e9rio da Economia e Finan\u00e7as da Fran\u00e7a. Ap\u00f3s a apresenta\u00e7\u00e3o e conversa com os empres\u00e1rios, os governadores se reuniram com o ministro franc\u00eas Bruno Le Maire.<\/p>\n\n\n\n<p>Al\u00e9m de Paris, o grupo estar\u00e1 em Roma, na quarta-feira (20), e em Berlim, na quinta (21) e sexta-feira (22).<\/p>\n\n\n\n<p>Participam da miss\u00e3o os governadores Rui Costa (Bahia), Jo\u00e3o Azev\u00eado (Para\u00edba), Renan Filho (Alagoas), Camilo Santana (Cear\u00e1), Paulo C\u00e2mara (Pernambuco), Wellington Dias (Piau\u00ed), F\u00e1tima Bezerra (Rio Grande do Norte), assim como o vice-governador Carlos Brand\u00e3o (Maranh\u00e3o). O governador de Sergipe, Belivaldo Chagas, n\u00e3o viajou por motivos de sa\u00fade e est\u00e1 representado na miss\u00e3o pelo superintendente de Parcerias P\u00fablico-Privadas, Oliveira Junior.<\/p>\n\n\n\n<figure class=\"wp-block-image\"><img decoding=\"async\" data-src=\"https:\/\/www.clickpb.com.br\/media\/filer_public\/f4\/cc\/f4ccd698-4133-4f51-a586-1f6cab4a7f4f\/joao_azevedo_em_paris.jpg\" alt=\"\" src=\"data:image\/svg+xml;base64,PHN2ZyB3aWR0aD0iMSIgaGVpZ2h0PSIxIiB4bWxucz0iaHR0cDovL3d3dy53My5vcmcvMjAwMC9zdmciPjwvc3ZnPg==\" class=\"lazyload\" \/><\/figure>\n","protected":false},"excerpt":{"rendered":"<p>Os governadores do Nordeste iniciaram, nesta segunda-feira (18), a miss\u00e3o na Europa. Durante evento em Paris, o grupo apresentou a 40 empres\u00e1rios franceses um mapa&hellip; <\/p>\n","protected":false},"author":1,"featured_media":136405,"comment_status":"closed","ping_status":"closed","sticky":false,"template":"","format":"standard","meta":{"sfsi_plus_gutenberg_text_before_share":"","sfsi_plus_gutenberg_show_text_before_share":"","sfsi_plus_gutenberg_icon_type":"","sfsi_plus_gutenberg_icon_alignemt":"","sfsi_plus_gutenburg_max_per_row":"","footnotes":""},"categories":[11],"tags":[],"class_list":["post-136404","post","type-post","status-publish","format-standard","has-post-thumbnail","hentry","category-politica"],"_links":{"self":[{"href":"https:\/\/www.caririemacao.com\/1\/wp-json\/wp\/v2\/posts\/136404","targetHints":{"allow":["GET"]}}],"collection":[{"href":"https:\/\/www.caririemacao.com\/1\/wp-json\/wp\/v2\/posts"}],"about":[{"href":"https:\/\/www.caririemacao.com\/1\/wp-json\/wp\/v2\/types\/post"}],"author":[{"embeddable":true,"href":"https:\/\/www.caririemacao.com\/1\/wp-json\/wp\/v2\/users\/1"}],"replies":[{"embeddable":true,"href":"https:\/\/www.caririemacao.com\/1\/wp-json\/wp\/v2\/comments?post=136404"}],"version-history":[{"count":1,"href":"https:\/\/www.caririemacao.com\/1\/wp-json\/wp\/v2\/posts\/136404\/revisions"}],"predecessor-version":[{"id":136406,"href":"https:\/\/www.caririemacao.com\/1\/wp-json\/wp\/v2\/posts\/136404\/revisions\/136406"}],"wp:featuredmedia":[{"embeddable":true,"href":"https:\/\/www.caririemacao.com\/1\/wp-json\/wp\/v2\/media\/136405"}],"wp:attachment":[{"href":"https:\/\/www.caririemacao.com\/1\/wp-json\/wp\/v2\/media?parent=136404"}],"wp:term":[{"taxonomy":"category","embeddable":true,"href":"https:\/\/www.caririemacao.com\/1\/wp-json\/wp\/v2\/categories?post=136404"},{"taxonomy":"post_tag","embeddable":true,"href":"https:\/\/www.caririemacao.com\/1\/wp-json\/wp\/v2\/tags?post=136404"}],"curies":[{"name":"wp","href":"https:\/\/api.w.org\/{rel}","templated":true}]}}