{"id":136415,"date":"2019-11-18T13:15:34","date_gmt":"2019-11-18T16:15:34","guid":{"rendered":"http:\/\/www.caririemacao.com\/1\/?p=136415"},"modified":"2019-11-18T13:15:34","modified_gmt":"2019-11-18T16:15:34","slug":"prefeitura-paraibana-inscreve-para-148-vagas-veja-quais-sao","status":"publish","type":"post","link":"https:\/\/www.caririemacao.com\/1\/2019\/11\/18\/prefeitura-paraibana-inscreve-para-148-vagas-veja-quais-sao\/","title":{"rendered":"Prefeitura paraibana inscreve para 148 vagas; veja quais s\u00e3o"},"content":{"rendered":"\n<p>Prefeitura Municipal de Gurinh\u00e9m, no Agreste da Para\u00edba, a 75 quil\u00f4metros de Jo\u00e3o Pessoa, come\u00e7a nesta segunda-feira (18) a receber inscri\u00e7\u00f5es para processo seletivo e concurso p\u00fablico que, somados, oferecem 148 vagas em cargos de n\u00edveis fundamental, m\u00e9dio\/t\u00e9cnico e superior.<\/p>\n\n\n\n<p>No processo seletivo h\u00e1 38 oportunidades dispon\u00edveis entre as seguintes fun\u00e7\u00f5es: facilitador de arte e cultura (1); facilitador de m\u00fasica (1); facilitador de esportes (1); condutor socorrista (4); orientador social (1); t\u00e9cnico em enfermagem \u2013 pronto atendimento (6); visitador do programa crian\u00e7a feliz (3); assistente social (1); advogado\/procurador jur\u00eddico (1); coordenador do programa crian\u00e7a feliz (1); coordenador do cras (1); enfermeiro Samu (4); enfermeiro pronto atendimento (4); educador f\u00edsico (1); fisioterapeuta (1); fonoaudi\u00f3logo (1); m\u00e9dico plantonista (3); nutricionista (1); psic\u00f3logo (1); e pedagogo (1).<\/p>\n\n\n\n<p>O concurso p\u00fablico disponibiliza um total de 110 vagas, no qual s\u00e3o ofertadas entre as seguintes fun\u00e7\u00f5es: auxiliar de servi\u00e7os gerais (20); gari (14); motorista ab (7); motorista d (3); operador de m\u00e1quinas (1); tratorista (1); vigia (6); agente administrativo (9); auxiliar de farm\u00e1cia (1); agente comunit\u00e1rio de sa\u00fade (1); auxiliar de sa\u00fade bucal (4); cuidador (4); eletricista (1); fiscal de obras (2); fiscal de tributos (2); t\u00e9cnico em enfermagem (3); assistente social (2); biom\u00e9dico (1); cirurgi\u00e3o dentista (4); enfermeiro (4); farmac\u00eautico (1); m\u00e9dico esf (4); nutricionista (1); psic\u00f3logo educacional (1); orientador educacional (1); professor ensino fundamental i (4); professor ensino religioso (1); professor artes (1); professor matem\u00e1tica (2); professor ci\u00eancias (1); professor hist\u00f3ria (1); professor portugu\u00eas (1); e supervisor educacional (1).<\/p>\n\n\n\n<p>Ao ser contratado, o servidor exercer\u00e1 fun\u00e7\u00f5es em regime de 30 a 40 horas semanais, sendo remunerado no valor entre R$ 998 e R$ 5 mil. Vale ressaltar que em determinadas fun\u00e7\u00f5es a jornada de trabalho ser\u00e1 de plant\u00e3o de 12 horas, ou regime de 24h por 72h, como \u00e9 especificado no edital.<\/p>\n\n\n\n<p>Os interessados devem efetuar inscri\u00e7\u00f5es a partir das 10h do dia 18 de novembro de 2019 at\u00e9 \u00e0s 23h59 do dia 18 de dezembro de 2019, por meio do seguinte&nbsp;<a href=\"https:\/\/cpcon.uepb.edu.br\/\" target=\"_blank\" rel=\"noreferrer noopener\"><strong>endere\u00e7o eletr\u00f4nico da empresa organizadora<\/strong><\/a>. O valor da taxa de inscri\u00e7\u00e3o varia entre R$ 65 e R$ 105, at\u00e9 a data de 19 de dezembro de 2019.<\/p>\n\n\n\n<p>Os candidatos ser\u00e3o avaliados mediante aplica\u00e7\u00e3o de prova escrita objetiva, na data prov\u00e1vel de 16 fevereiro de 2020.<\/p>\n\n\n\n<p>Haver\u00e1 aplica\u00e7\u00e3o de prova de t\u00edtulos aos candidatos dos cargos do magist\u00e9rio de n\u00edvel superior e prova pr\u00e1tica no dia previsto de 15 de mar\u00e7o de 2020 aos cargos de condutor de socorrista, motoristas, operador de m\u00e1quinas e tratorista.<\/p>\n\n\n\n<p>O prazo de validade do processo seletivo e do certame \u00e9 de dois anos, podendo se prorrogado por igual per\u00edodo.<\/p>\n\n\n\n<p>PARA\u00cdBA DEBATE <\/p>\n","protected":false},"excerpt":{"rendered":"<p>Prefeitura Municipal de Gurinh\u00e9m, no Agreste da Para\u00edba, a 75 quil\u00f4metros de Jo\u00e3o Pessoa, come\u00e7a nesta segunda-feira (18) a receber inscri\u00e7\u00f5es para processo seletivo e&hellip; <\/p>\n","protected":false},"author":1,"featured_media":136416,"comment_status":"closed","ping_status":"closed","sticky":false,"template":"","format":"standard","meta":{"sfsi_plus_gutenberg_text_before_share":"","sfsi_plus_gutenberg_show_text_before_share":"","sfsi_plus_gutenberg_icon_type":"","sfsi_plus_gutenberg_icon_alignemt":"","sfsi_plus_gutenburg_max_per_row":"","footnotes":""},"categories":[6],"tags":[],"class_list":["post-136415","post","type-post","status-publish","format-standard","has-post-thumbnail","hentry","category-cidades"],"_links":{"self":[{"href":"https:\/\/www.caririemacao.com\/1\/wp-json\/wp\/v2\/posts\/136415","targetHints":{"allow":["GET"]}}],"collection":[{"href":"https:\/\/www.caririemacao.com\/1\/wp-json\/wp\/v2\/posts"}],"about":[{"href":"https:\/\/www.caririemacao.com\/1\/wp-json\/wp\/v2\/types\/post"}],"author":[{"embeddable":true,"href":"https:\/\/www.caririemacao.com\/1\/wp-json\/wp\/v2\/users\/1"}],"replies":[{"embeddable":true,"href":"https:\/\/www.caririemacao.com\/1\/wp-json\/wp\/v2\/comments?post=136415"}],"version-history":[{"count":1,"href":"https:\/\/www.caririemacao.com\/1\/wp-json\/wp\/v2\/posts\/136415\/revisions"}],"predecessor-version":[{"id":136417,"href":"https:\/\/www.caririemacao.com\/1\/wp-json\/wp\/v2\/posts\/136415\/revisions\/136417"}],"wp:featuredmedia":[{"embeddable":true,"href":"https:\/\/www.caririemacao.com\/1\/wp-json\/wp\/v2\/media\/136416"}],"wp:attachment":[{"href":"https:\/\/www.caririemacao.com\/1\/wp-json\/wp\/v2\/media?parent=136415"}],"wp:term":[{"taxonomy":"category","embeddable":true,"href":"https:\/\/www.caririemacao.com\/1\/wp-json\/wp\/v2\/categories?post=136415"},{"taxonomy":"post_tag","embeddable":true,"href":"https:\/\/www.caririemacao.com\/1\/wp-json\/wp\/v2\/tags?post=136415"}],"curies":[{"name":"wp","href":"https:\/\/api.w.org\/{rel}","templated":true}]}}