{"id":136422,"date":"2019-11-18T13:19:52","date_gmt":"2019-11-18T16:19:52","guid":{"rendered":"http:\/\/www.caririemacao.com\/1\/?p=136422"},"modified":"2019-11-18T13:19:52","modified_gmt":"2019-11-18T16:19:52","slug":"para-collor-bolsonaro-corre-risco-de-impeachment-estou-revendo-um-filme-que-a-gente-ja-viu","status":"publish","type":"post","link":"https:\/\/www.caririemacao.com\/1\/2019\/11\/18\/para-collor-bolsonaro-corre-risco-de-impeachment-estou-revendo-um-filme-que-a-gente-ja-viu\/","title":{"rendered":"Para Collor, Bolsonaro corre risco de impeachment: \u201cEstou revendo um filme que a gente j\u00e1 viu\u201d"},"content":{"rendered":"\n<p>O ex-presidente Fernando Collor disse, em entrevista \u00e0 coluna de Bernardo Mello Franco,\u00a0publicada no Globo deste domingo (17), que o presidente Jair Bolsonaro est\u00e1 cometendo os mesmos erros que o levaram ao impeachment. \u201cContinuando do jeito que est\u00e1, eu n\u00e3o vejo como este governo possa dar certo. S\u00e3o erros prim\u00e1rios\u201d, afirma.<\/p>\n\n\n\n<p>\u201cVejo semelhan\u00e7a entre o tratamento que eu concedi ao PRN e o que ele est\u00e1 conferindo ao PSL. Em outubro de 1990, n\u00f3s elegemos 41 deputados. O pessoal queria espa\u00e7o no governo, o que \u00e9 natural. Num almo\u00e7o com a bancada, eu disse: \u2018Voc\u00eas n\u00e3o precisam de minist\u00e9rio nenhum. J\u00e1 t\u00eam o presidente da Rep\u00fablica\u2019. Erro crasso. Estou dizendo porque eu j\u00e1 passei por isso. Estou revendo um filme que a gente j\u00e1 viu. Vai ser um desassossego para ele.\u201d<\/p>\n\n\n\n<p>Por conta disto, Collor considera que o impeachment \u00e9 uma das possibilidades. \u201cBolsonaro n\u00e3o vem se preocupando com a divis\u00e3o da sociedade brasileira, que se aprofunda. O discurso dele acentua a divis\u00e3o. Com a soltura do Lula, a tend\u00eancia \u00e9 que essa divis\u00e3o se abra ainda mais.<\/p>\n\n\n\n<p><strong>Os filhos<\/strong><\/p>\n\n\n\n<p>Ele acha que os filhos exercem uma a\u00e7\u00e3o delet\u00e9ria sobre o governo Bolsonaro. \u201c\u00c9 uma coisa nociva. Nem na \u00e9poca da monarquia funcionava desse jeito. Como \u00e9 que o presidente d\u00e1 a senha do seu Twitter? Depois \u00e9 muito f\u00e1cil: \u201cIsso n\u00e3o fui eu, mandei tirar\u201d.<\/p>\n\n\n\n<p>A respeito da fala de Eduardo Bolsonaro sobre um novo AI-5, o ex-presidente afirmou considerar \u201cabsolutamente inadmiss\u00edvel\u201d. Para ele, \u201cs\u00e3o declara\u00e7\u00f5es que v\u00eam do n\u00facleo duro do presidente, com o assentimento dele. Essa quest\u00e3o de fechar o Supremo com um cabo e um soldado. O que \u00e9 isso? Onde \u00e9 que n\u00f3s estamos? Ele n\u00e3o podia ter falado nada parecido\u201d, disse.<\/p>\n\n\n\n<p><strong>Sem espa\u00e7o para golpe<\/strong><\/p>\n\n\n\n<p>Ao final, Collor disse que n\u00e3o v\u00ea espa\u00e7o para um golpe. \u201cEle tem uma sensibilidade maior que n\u00f3s, civis, para medir a temperatura da caserna. As For\u00e7as Armadas est\u00e3o trabalhando dentro dos moldes constitucionais. N\u00e3o temo (um golpe) porque confio nas For\u00e7as Armadas\u201d.<\/p>\n\n\n\n<p><em>Fonte: Revista F\u00f3rum<\/em><\/p>\n","protected":false},"excerpt":{"rendered":"<p>O ex-presidente Fernando Collor disse, em entrevista \u00e0 coluna de Bernardo Mello Franco,\u00a0publicada no Globo deste domingo (17), que o presidente Jair Bolsonaro est\u00e1 cometendo&hellip; <\/p>\n","protected":false},"author":1,"featured_media":136424,"comment_status":"closed","ping_status":"closed","sticky":false,"template":"","format":"standard","meta":{"sfsi_plus_gutenberg_text_before_share":"","sfsi_plus_gutenberg_show_text_before_share":"","sfsi_plus_gutenberg_icon_type":"","sfsi_plus_gutenberg_icon_alignemt":"","sfsi_plus_gutenburg_max_per_row":"","footnotes":""},"categories":[11],"tags":[],"class_list":["post-136422","post","type-post","status-publish","format-standard","has-post-thumbnail","hentry","category-politica"],"_links":{"self":[{"href":"https:\/\/www.caririemacao.com\/1\/wp-json\/wp\/v2\/posts\/136422","targetHints":{"allow":["GET"]}}],"collection":[{"href":"https:\/\/www.caririemacao.com\/1\/wp-json\/wp\/v2\/posts"}],"about":[{"href":"https:\/\/www.caririemacao.com\/1\/wp-json\/wp\/v2\/types\/post"}],"author":[{"embeddable":true,"href":"https:\/\/www.caririemacao.com\/1\/wp-json\/wp\/v2\/users\/1"}],"replies":[{"embeddable":true,"href":"https:\/\/www.caririemacao.com\/1\/wp-json\/wp\/v2\/comments?post=136422"}],"version-history":[{"count":1,"href":"https:\/\/www.caririemacao.com\/1\/wp-json\/wp\/v2\/posts\/136422\/revisions"}],"predecessor-version":[{"id":136425,"href":"https:\/\/www.caririemacao.com\/1\/wp-json\/wp\/v2\/posts\/136422\/revisions\/136425"}],"wp:featuredmedia":[{"embeddable":true,"href":"https:\/\/www.caririemacao.com\/1\/wp-json\/wp\/v2\/media\/136424"}],"wp:attachment":[{"href":"https:\/\/www.caririemacao.com\/1\/wp-json\/wp\/v2\/media?parent=136422"}],"wp:term":[{"taxonomy":"category","embeddable":true,"href":"https:\/\/www.caririemacao.com\/1\/wp-json\/wp\/v2\/categories?post=136422"},{"taxonomy":"post_tag","embeddable":true,"href":"https:\/\/www.caririemacao.com\/1\/wp-json\/wp\/v2\/tags?post=136422"}],"curies":[{"name":"wp","href":"https:\/\/api.w.org\/{rel}","templated":true}]}}