{"id":136440,"date":"2019-11-18T16:12:25","date_gmt":"2019-11-18T19:12:25","guid":{"rendered":"http:\/\/www.caririemacao.com\/1\/?p=136440"},"modified":"2019-11-18T16:12:25","modified_gmt":"2019-11-18T19:12:25","slug":"justica-determina-internacao-de-idoso-que-vivia-dentro-de-bueiro-na-pb","status":"publish","type":"post","link":"https:\/\/www.caririemacao.com\/1\/2019\/11\/18\/justica-determina-internacao-de-idoso-que-vivia-dentro-de-bueiro-na-pb\/","title":{"rendered":"Justi\u00e7a determina interna\u00e7\u00e3o de idoso que vivia dentro de bueiro na PB"},"content":{"rendered":"\n<p>Ap\u00f3s solicita\u00e7\u00e3o do Minist\u00e9rio P\u00fablico, a Justi\u00e7a da Para\u00edba determinou&nbsp;a interna\u00e7\u00e3o&nbsp;de um idoso que vivia dentro de um bueiro na BR-230, pr\u00f3ximo ao munic\u00edpio de Ing\u00e1. A decis\u00e3o foi tomada ap\u00f3s relat\u00f3rios do Creas&nbsp;indicar&nbsp;que o idoso vivia em condi\u00e7\u00f5es subumanas, insalubres e que colocava a vida de outras pessoas em risco, j\u00e1 que sofre de problemas psicol\u00f3gicos.&nbsp;O homem foi encaminhado ao hospital psiqui\u00e1trico Dr. Edigley Maciel, em Campina Grande, onde dever\u00e1 receber tratamento at\u00e9 sua recupera\u00e7\u00e3o integral.&nbsp;<\/p>\n\n\n\n<p>A Ju\u00edza acatou todos os relat\u00f3rios, que tamb\u00e9m destacaram relatos de motoristas que j\u00e1 se depararam com ele jogando pedras e outros objetos em ve\u00edculos e realizando travessias perigosas em estado agitado, colocando em risco a pr\u00f3pria vida e a de outras pessoas que transitam no local.<\/p>\n\n\n\n<p>A a\u00e7\u00e3o de interna\u00e7\u00e3o compuls\u00f3ria foi ajuizada pela promotora de Justi\u00e7a de Ing\u00e1, Cl\u00e1udia Cabral Cavalcante, e teve o pedido de liminar deferido pela ju\u00edza da 2\u00aa&nbsp;Vara, Isabelle Guimar\u00e3es.&nbsp;<br><\/p>\n\n\n\n<p>A interna\u00e7\u00e3o do idoso ocorreu ap\u00f3s a&nbsp;promotoria e as secretarias de Assist\u00eancia Social e de Sa\u00fade do munic\u00edpio realizarem, na \u00faltima quarta-feira (13), uma a\u00e7\u00e3o conjunta para resgat\u00e1-lo e encaminh\u00e1-lo a tratamento m\u00e9dico e psiqui\u00e1trico para que seja poss\u00edvel a reinser\u00e7\u00e3o dele na fam\u00edlia, mas o idoso n\u00e3o aceitou a ajuda profissional. Por isso, foi ajuizada a a\u00e7\u00e3o julgada no dia seguinte.<br><\/p>\n\n\n\n<p>De acordo com a promotora de Justi\u00e7a, relat\u00f3rios psicossociais elaborados pelo Centro de Refer\u00eancia em Assist\u00eancia Social do munic\u00edpio (Creas) indicavam que o idoso vivia em condi\u00e7\u00f5es subumanas e insalubres, dentro de um boeiro \u00e0s margens da BR-230, perambulando pela rodovia federal e pela estadual que d\u00e1 acesso a Ing\u00e1, em estado agitado.&nbsp;<\/p>\n\n\n\n<p>A alta hospitalar do idoso dever\u00e1 ser comunicada pela dire\u00e7\u00e3o do hospital \u00e0 Justi\u00e7a.<\/p>\n","protected":false},"excerpt":{"rendered":"<p>Ap\u00f3s solicita\u00e7\u00e3o do Minist\u00e9rio P\u00fablico, a Justi\u00e7a da Para\u00edba determinou&nbsp;a interna\u00e7\u00e3o&nbsp;de um idoso que vivia dentro de um bueiro na BR-230, pr\u00f3ximo ao munic\u00edpio de&hellip; <\/p>\n","protected":false},"author":1,"featured_media":136441,"comment_status":"closed","ping_status":"closed","sticky":false,"template":"","format":"standard","meta":{"sfsi_plus_gutenberg_text_before_share":"","sfsi_plus_gutenberg_show_text_before_share":"","sfsi_plus_gutenberg_icon_type":"","sfsi_plus_gutenberg_icon_alignemt":"","sfsi_plus_gutenburg_max_per_row":"","footnotes":""},"categories":[2],"tags":[],"class_list":["post-136440","post","type-post","status-publish","format-standard","has-post-thumbnail","hentry","category-geral"],"_links":{"self":[{"href":"https:\/\/www.caririemacao.com\/1\/wp-json\/wp\/v2\/posts\/136440","targetHints":{"allow":["GET"]}}],"collection":[{"href":"https:\/\/www.caririemacao.com\/1\/wp-json\/wp\/v2\/posts"}],"about":[{"href":"https:\/\/www.caririemacao.com\/1\/wp-json\/wp\/v2\/types\/post"}],"author":[{"embeddable":true,"href":"https:\/\/www.caririemacao.com\/1\/wp-json\/wp\/v2\/users\/1"}],"replies":[{"embeddable":true,"href":"https:\/\/www.caririemacao.com\/1\/wp-json\/wp\/v2\/comments?post=136440"}],"version-history":[{"count":1,"href":"https:\/\/www.caririemacao.com\/1\/wp-json\/wp\/v2\/posts\/136440\/revisions"}],"predecessor-version":[{"id":136442,"href":"https:\/\/www.caririemacao.com\/1\/wp-json\/wp\/v2\/posts\/136440\/revisions\/136442"}],"wp:featuredmedia":[{"embeddable":true,"href":"https:\/\/www.caririemacao.com\/1\/wp-json\/wp\/v2\/media\/136441"}],"wp:attachment":[{"href":"https:\/\/www.caririemacao.com\/1\/wp-json\/wp\/v2\/media?parent=136440"}],"wp:term":[{"taxonomy":"category","embeddable":true,"href":"https:\/\/www.caririemacao.com\/1\/wp-json\/wp\/v2\/categories?post=136440"},{"taxonomy":"post_tag","embeddable":true,"href":"https:\/\/www.caririemacao.com\/1\/wp-json\/wp\/v2\/tags?post=136440"}],"curies":[{"name":"wp","href":"https:\/\/api.w.org\/{rel}","templated":true}]}}