{"id":136447,"date":"2019-11-18T16:14:47","date_gmt":"2019-11-18T19:14:47","guid":{"rendered":"http:\/\/www.caririemacao.com\/1\/?p=136447"},"modified":"2019-11-18T16:14:47","modified_gmt":"2019-11-18T19:14:47","slug":"duas-criancas-sao-vitimas-de-afogamento-na-paraiba-em-menos-de-16-horas","status":"publish","type":"post","link":"https:\/\/www.caririemacao.com\/1\/2019\/11\/18\/duas-criancas-sao-vitimas-de-afogamento-na-paraiba-em-menos-de-16-horas\/","title":{"rendered":"Duas crian\u00e7as s\u00e3o v\u00edtimas de afogamento na Para\u00edba em menos de 16 horas"},"content":{"rendered":"\n<p>Duas crian\u00e7as se afogaram na Para\u00edba, em menos de 16 horas. A menina que se afogou em Conde, no Litoral Sul paraibano, foi internada em estado grave no Hospital de Trauma Senador Humberto Lucena, em Jo\u00e3o Pessoa, ao meio-dia desse domingo (17).<\/p>\n\n\n\n<p>J\u00e1 em Sol\u00e2nea, a v\u00edtima foi um menino de sete anos de idade. Ele deu entrada no Hospital de Trauma \u00e0s 19h47 de ontem. Ele foi socorrido pelo Samu. O quadro de sa\u00fade dele \u00e9 est\u00e1vel.<\/p>\n\n\n\n<p>A crian\u00e7a de Conde foi socorrida pelo helic\u00f3ptero Acau\u00e3. As circunst\u00e2ncias nas quais as duas crian\u00e7as se afogaram n\u00e3o foram informadas.<\/p>\n","protected":false},"excerpt":{"rendered":"<p>Duas crian\u00e7as se afogaram na Para\u00edba, em menos de 16 horas. A menina que se afogou em Conde, no Litoral Sul paraibano, foi internada em&hellip; <\/p>\n","protected":false},"author":1,"featured_media":136449,"comment_status":"closed","ping_status":"closed","sticky":false,"template":"","format":"standard","meta":{"sfsi_plus_gutenberg_text_before_share":"","sfsi_plus_gutenberg_show_text_before_share":"","sfsi_plus_gutenberg_icon_type":"","sfsi_plus_gutenberg_icon_alignemt":"","sfsi_plus_gutenburg_max_per_row":"","footnotes":""},"categories":[2],"tags":[],"class_list":["post-136447","post","type-post","status-publish","format-standard","has-post-thumbnail","hentry","category-geral"],"_links":{"self":[{"href":"https:\/\/www.caririemacao.com\/1\/wp-json\/wp\/v2\/posts\/136447","targetHints":{"allow":["GET"]}}],"collection":[{"href":"https:\/\/www.caririemacao.com\/1\/wp-json\/wp\/v2\/posts"}],"about":[{"href":"https:\/\/www.caririemacao.com\/1\/wp-json\/wp\/v2\/types\/post"}],"author":[{"embeddable":true,"href":"https:\/\/www.caririemacao.com\/1\/wp-json\/wp\/v2\/users\/1"}],"replies":[{"embeddable":true,"href":"https:\/\/www.caririemacao.com\/1\/wp-json\/wp\/v2\/comments?post=136447"}],"version-history":[{"count":1,"href":"https:\/\/www.caririemacao.com\/1\/wp-json\/wp\/v2\/posts\/136447\/revisions"}],"predecessor-version":[{"id":136450,"href":"https:\/\/www.caririemacao.com\/1\/wp-json\/wp\/v2\/posts\/136447\/revisions\/136450"}],"wp:featuredmedia":[{"embeddable":true,"href":"https:\/\/www.caririemacao.com\/1\/wp-json\/wp\/v2\/media\/136449"}],"wp:attachment":[{"href":"https:\/\/www.caririemacao.com\/1\/wp-json\/wp\/v2\/media?parent=136447"}],"wp:term":[{"taxonomy":"category","embeddable":true,"href":"https:\/\/www.caririemacao.com\/1\/wp-json\/wp\/v2\/categories?post=136447"},{"taxonomy":"post_tag","embeddable":true,"href":"https:\/\/www.caririemacao.com\/1\/wp-json\/wp\/v2\/tags?post=136447"}],"curies":[{"name":"wp","href":"https:\/\/api.w.org\/{rel}","templated":true}]}}