{"id":136457,"date":"2019-11-18T16:18:34","date_gmt":"2019-11-18T19:18:34","guid":{"rendered":"http:\/\/www.caririemacao.com\/1\/?p=136457"},"modified":"2019-11-18T16:18:34","modified_gmt":"2019-11-18T19:18:34","slug":"casos-confirmados-de-sarampo-na-paraiba-sobem-para-40-e-outros-105-suspeitos-sao-investigados","status":"publish","type":"post","link":"https:\/\/www.caririemacao.com\/1\/2019\/11\/18\/casos-confirmados-de-sarampo-na-paraiba-sobem-para-40-e-outros-105-suspeitos-sao-investigados\/","title":{"rendered":"Casos confirmados de sarampo na Para\u00edba sobem para 40 e outros 105 suspeitos s\u00e3o investigados"},"content":{"rendered":"\n<p>O n\u00famero de casos de sarampo confirmados na Para\u00edba subiu para 40, de acordo com o mais recente Boletim Epidemiol\u00f3gico divulgado pela Secretaria da Sa\u00fade nesta segunda-feira (18). Em todo o Estado da Para\u00edba foram notificados 317 casos suspeitos em 73 munic\u00edpios. Deste total, de acordo com apura\u00e7\u00e3o do ClickPB, 40 casos foram confirmados, 172 foram descartados e 105 permanecem em investiga\u00e7\u00e3o.<\/p>\n\n\n\n<p>A maior parte dos casos confirmados est\u00e1 concentrada em Jo\u00e3o Pessoa, que soma 15. Bayeux, Campina Grande e Santa Rita t\u00eam tr\u00eas casos confirmados cada um. Em Barra de S\u00e3o Miguel, Santa Cec\u00edlia, S\u00e3o Miguel de Taipu e Sousa, existem os registros de dois casos. J\u00e1 nas cidades de Bananeiras, Cabedelo, Conde, Congo, Guarabira, Imaculada, Lagoa Seca e Santa Cruz, foram registrados um caso em cada.<\/p>\n\n\n\n<figure class=\"wp-block-image\"><img decoding=\"async\" data-src=\"https:\/\/www.clickpb.com.br\/media\/filer_public\/1a\/ab\/1aab997e-7b21-4e28-8e90-fa59c107f62d\/casos_confirmados_sarampo_-_novembro_2019.png\" alt=\"\" src=\"data:image\/svg+xml;base64,PHN2ZyB3aWR0aD0iMSIgaGVpZ2h0PSIxIiB4bWxucz0iaHR0cDovL3d3dy53My5vcmcvMjAwMC9zdmciPjwvc3ZnPg==\" class=\"lazyload\" \/><\/figure>\n\n\n\n<p>No boletim anterior, foi registrada a confirma\u00e7\u00e3o de 30 casos de sarampo no Estado.<\/p>\n\n\n\n<p>Os principais sintomas do sarampo s\u00e3o febre acompanhada de tosse, irrita\u00e7\u00e3o nos olhos, nariz escorrendo ou entupido, mal-estar intenso. Em torno de tr\u00eas a cinco dias, podem aparecer outros sinais e sintomas, como manchas vermelhas no rosto e atr\u00e1s das orelhas que, em seguida, se espalham pelo corpo.<\/p>\n\n\n\n<p>Para a pessoa que apresentar esses sintomas, a recomenda\u00e7\u00e3o \u00e9 n\u00e3o fazer uso de nenhum medicamento sem orienta\u00e7\u00e3o m\u00e9dica e procurar o servi\u00e7o de sa\u00fade mais pr\u00f3ximo.<\/p>\n\n\n\n<p>O sarampo \u00e9 uma doen\u00e7a grave que pode deixar sequelas por toda a vida ou causar o \u00f3bito. Algumas das complica\u00e7\u00f5es que podem decorrer da doen\u00e7a em crian\u00e7as s\u00e3o otite m\u00e9dia aguda, pneumonia, encefalite aguda e morte. Em adultos, complica\u00e7\u00e3o mais comum \u00e9 a pneumonia. Em gestantes, a doen\u00e7a pode fazer que o beb\u00ea nas\u00e7a prematuramente e com baixo peso.<\/p>\n\n\n\n<figure class=\"wp-block-image\"><img decoding=\"async\" data-src=\"https:\/\/www.clickpb.com.br\/media\/filer_public\/cc\/f6\/ccf667da-7980-4a63-ad25-d05aeb0fe442\/sarampo_na_paraiba.png\" alt=\"\" src=\"data:image\/svg+xml;base64,PHN2ZyB3aWR0aD0iMSIgaGVpZ2h0PSIxIiB4bWxucz0iaHR0cDovL3d3dy53My5vcmcvMjAwMC9zdmciPjwvc3ZnPg==\" class=\"lazyload\" \/><\/figure>\n","protected":false},"excerpt":{"rendered":"<p>O n\u00famero de casos de sarampo confirmados na Para\u00edba subiu para 40, de acordo com o mais recente Boletim Epidemiol\u00f3gico divulgado pela Secretaria da Sa\u00fade&hellip; <\/p>\n","protected":false},"author":1,"featured_media":113771,"comment_status":"closed","ping_status":"closed","sticky":false,"template":"","format":"standard","meta":{"sfsi_plus_gutenberg_text_before_share":"","sfsi_plus_gutenberg_show_text_before_share":"","sfsi_plus_gutenberg_icon_type":"","sfsi_plus_gutenberg_icon_alignemt":"","sfsi_plus_gutenburg_max_per_row":"","footnotes":""},"categories":[16],"tags":[],"class_list":["post-136457","post","type-post","status-publish","format-standard","has-post-thumbnail","hentry","category-saude"],"_links":{"self":[{"href":"https:\/\/www.caririemacao.com\/1\/wp-json\/wp\/v2\/posts\/136457","targetHints":{"allow":["GET"]}}],"collection":[{"href":"https:\/\/www.caririemacao.com\/1\/wp-json\/wp\/v2\/posts"}],"about":[{"href":"https:\/\/www.caririemacao.com\/1\/wp-json\/wp\/v2\/types\/post"}],"author":[{"embeddable":true,"href":"https:\/\/www.caririemacao.com\/1\/wp-json\/wp\/v2\/users\/1"}],"replies":[{"embeddable":true,"href":"https:\/\/www.caririemacao.com\/1\/wp-json\/wp\/v2\/comments?post=136457"}],"version-history":[{"count":1,"href":"https:\/\/www.caririemacao.com\/1\/wp-json\/wp\/v2\/posts\/136457\/revisions"}],"predecessor-version":[{"id":136459,"href":"https:\/\/www.caririemacao.com\/1\/wp-json\/wp\/v2\/posts\/136457\/revisions\/136459"}],"wp:featuredmedia":[{"embeddable":true,"href":"https:\/\/www.caririemacao.com\/1\/wp-json\/wp\/v2\/media\/113771"}],"wp:attachment":[{"href":"https:\/\/www.caririemacao.com\/1\/wp-json\/wp\/v2\/media?parent=136457"}],"wp:term":[{"taxonomy":"category","embeddable":true,"href":"https:\/\/www.caririemacao.com\/1\/wp-json\/wp\/v2\/categories?post=136457"},{"taxonomy":"post_tag","embeddable":true,"href":"https:\/\/www.caririemacao.com\/1\/wp-json\/wp\/v2\/tags?post=136457"}],"curies":[{"name":"wp","href":"https:\/\/api.w.org\/{rel}","templated":true}]}}