{"id":136465,"date":"2019-11-18T16:21:05","date_gmt":"2019-11-18T19:21:05","guid":{"rendered":"http:\/\/www.caririemacao.com\/1\/?p=136465"},"modified":"2019-11-18T16:21:05","modified_gmt":"2019-11-18T19:21:05","slug":"policia-investiga-suposta-tentativa-de-sequestro-relampago-no-municipio-de-monteiro","status":"publish","type":"post","link":"https:\/\/www.caririemacao.com\/1\/2019\/11\/18\/policia-investiga-suposta-tentativa-de-sequestro-relampago-no-municipio-de-monteiro\/","title":{"rendered":"Pol\u00edcia investiga suposta tentativa de sequestro rel\u00e2mpago no munic\u00edpio de Monteiro"},"content":{"rendered":"\n<p>no inicio da tarde desta segunda-feira (18), em Monteiro no Cariri.<\/p>\n\n\n\n<p>Segundo informa\u00e7\u00f5es, o sequestro teve inicio pouco tempo depois do meio dia quando o sequestrador invadiu a casa da vitima que fica nas media\u00e7\u00f5es da pra\u00e7a da saudade e a levou em seu pr\u00f3prio carro.<\/p>\n\n\n\n<p>Ap\u00f3s a a\u00e7\u00e3o criminosa, o suspeito fugiu e a vitima foi abandonada em outra localidade do munic\u00edpio. A policia civil iniciou uma investiga\u00e7\u00e3o para identificar o suspeito do crime.<\/p>\n\n\n\n<p>Agora Cariri<\/p>\n","protected":false},"excerpt":{"rendered":"<p>no inicio da tarde desta segunda-feira (18), em Monteiro no Cariri. Segundo informa\u00e7\u00f5es, o sequestro teve inicio pouco tempo depois do meio dia quando o&hellip; <\/p>\n","protected":false},"author":1,"featured_media":105260,"comment_status":"closed","ping_status":"closed","sticky":false,"template":"","format":"standard","meta":{"sfsi_plus_gutenberg_text_before_share":"","sfsi_plus_gutenberg_show_text_before_share":"","sfsi_plus_gutenberg_icon_type":"","sfsi_plus_gutenberg_icon_alignemt":"","sfsi_plus_gutenburg_max_per_row":"","footnotes":""},"categories":[12],"tags":[],"class_list":["post-136465","post","type-post","status-publish","format-standard","has-post-thumbnail","hentry","category-policia"],"_links":{"self":[{"href":"https:\/\/www.caririemacao.com\/1\/wp-json\/wp\/v2\/posts\/136465","targetHints":{"allow":["GET"]}}],"collection":[{"href":"https:\/\/www.caririemacao.com\/1\/wp-json\/wp\/v2\/posts"}],"about":[{"href":"https:\/\/www.caririemacao.com\/1\/wp-json\/wp\/v2\/types\/post"}],"author":[{"embeddable":true,"href":"https:\/\/www.caririemacao.com\/1\/wp-json\/wp\/v2\/users\/1"}],"replies":[{"embeddable":true,"href":"https:\/\/www.caririemacao.com\/1\/wp-json\/wp\/v2\/comments?post=136465"}],"version-history":[{"count":1,"href":"https:\/\/www.caririemacao.com\/1\/wp-json\/wp\/v2\/posts\/136465\/revisions"}],"predecessor-version":[{"id":136468,"href":"https:\/\/www.caririemacao.com\/1\/wp-json\/wp\/v2\/posts\/136465\/revisions\/136468"}],"wp:featuredmedia":[{"embeddable":true,"href":"https:\/\/www.caririemacao.com\/1\/wp-json\/wp\/v2\/media\/105260"}],"wp:attachment":[{"href":"https:\/\/www.caririemacao.com\/1\/wp-json\/wp\/v2\/media?parent=136465"}],"wp:term":[{"taxonomy":"category","embeddable":true,"href":"https:\/\/www.caririemacao.com\/1\/wp-json\/wp\/v2\/categories?post=136465"},{"taxonomy":"post_tag","embeddable":true,"href":"https:\/\/www.caririemacao.com\/1\/wp-json\/wp\/v2\/tags?post=136465"}],"curies":[{"name":"wp","href":"https:\/\/api.w.org\/{rel}","templated":true}]}}