{"id":136477,"date":"2019-11-18T16:27:06","date_gmt":"2019-11-18T19:27:06","guid":{"rendered":"http:\/\/www.caririemacao.com\/1\/?p=136477"},"modified":"2019-11-18T16:27:06","modified_gmt":"2019-11-18T19:27:06","slug":"celulares-pre-pagos-desatualizados-sao-bloqueados-hoje-em-17-estados","status":"publish","type":"post","link":"https:\/\/www.caririemacao.com\/1\/2019\/11\/18\/celulares-pre-pagos-desatualizados-sao-bloqueados-hoje-em-17-estados\/","title":{"rendered":"Celulares pr\u00e9-pagos desatualizados s\u00e3o bloqueados hoje em 17 estados"},"content":{"rendered":"\n<p>As pessoas portadoras de telefones celulares pr\u00e9-pagos que n\u00e3o atualizaram seus cadastros, ap\u00f3s terem recebido notifica\u00e7\u00e3o das operadoras, est\u00e3o com suas linhas bloqueadas a partir desta segunda-feira (18), segundo a Ag\u00eancia Nacional de Telecomunica\u00e7\u00f5es (Anatel).<\/p>\n\n\n\n<p>De acordo com a Anatel, a medida vale para os clientes dos seguintes estados: Alagoas, Amazonas, Amap\u00e1, Bahia, Cear\u00e1, Esp\u00edrito Santo, Maranh\u00e3o, Par\u00e1, Para\u00edba, Pernambuco, Piau\u00ed, Rio Grande do Norte, Rio Grande do Sul, Rio de Janeiro, Roraima, Sergipe e S\u00e3o Paulo.<\/p>\n\n\n\n<figure class=\"wp-block-image\"><img decoding=\"async\" data-src=\"http:\/\/imagens.ebc.com.br\/snbIY-pwpWXIpkSGKNdTRonq4d0=\/754x0\/smart\/http:\/\/agenciabrasil.ebc.com.br\/sites\/default\/files\/thumbnails\/image\/mca_abr_2407182206.jpg?itok=xYLYAzTD\" alt=\"Acesso internet celular\" src=\"data:image\/svg+xml;base64,PHN2ZyB3aWR0aD0iMSIgaGVpZ2h0PSIxIiB4bWxucz0iaHR0cDovL3d3dy53My5vcmcvMjAwMC9zdmciPjwvc3ZnPg==\" class=\"lazyload\" \/><\/figure>\n\n\n\n<p>O objetivo da iniciativa, segundo a Anatel, \u00e9 assegurar uma base cadastral correta e atualizada, para evitar a ocorr\u00eancia de fraudes &#8211;&nbsp;<strong>Marcello Casal Jr\/Ag\u00eancia Brasi<\/strong><\/p>\n\n\n\n<p>A ag\u00eancia informou que menos de 1% dos 91 milh\u00f5es de celulares pr\u00e9-pagos dessas regi\u00f5es apresenta alguma pend\u00eancia cadastral. Alertou tamb\u00e9m que \u00e9 a \u00faltima fase da campanha de comunica\u00e7\u00e3o aos consumidores com cadastros desatualizados, realizada pelas prestadoras Algar, Claro, Oi, Sercomtel, Tim e Vivo, dentro do Projeto Cadastro Pr\u00e9-Pago, acompanhado pela Anatel.<\/p>\n\n\n\n<p>Segundo a Anatel, o objetivo da iniciativa \u00e9 assegurar uma base cadastral correta e atualizada, para evitar a ocorr\u00eancia de fraudes de subscri\u00e7\u00e3o (linhas associadas indevidamente a CPFs) e, assim, ampliar a seguran\u00e7a dos consumidores.<\/p>\n\n\n\n<h2 class=\"wp-block-heading\">Como atualizar o cadastro<\/h2>\n\n\n\n<p>Quem tiver a linha pr\u00e9-paga bloqueada poder\u00e1 atualizar os dados cadastrais na sua prestadora pelos canais de atendimento dispon\u00edveis como:&nbsp;<em>call center<\/em>&nbsp;e espa\u00e7o reservado ao consumidor na internet.<\/p>\n\n\n\n<p>Apessoa deve informar o nome completo e o endere\u00e7o com o n\u00famero do CEP. No caso de pessoa f\u00edsica, \u00e9 necess\u00e1rio informar o n\u00famero do CPF e, para pessoa jur\u00eddica, o CNPJ. Tamb\u00e9m poder\u00e3o ser solicitadas informa\u00e7\u00f5es adicionais de valida\u00e7\u00e3o do cadastro.<\/p>\n","protected":false},"excerpt":{"rendered":"<p>As pessoas portadoras de telefones celulares pr\u00e9-pagos que n\u00e3o atualizaram seus cadastros, ap\u00f3s terem recebido notifica\u00e7\u00e3o das operadoras, est\u00e3o com suas linhas bloqueadas a partir&hellip; <\/p>\n","protected":false},"author":1,"featured_media":128343,"comment_status":"closed","ping_status":"closed","sticky":false,"template":"","format":"standard","meta":{"sfsi_plus_gutenberg_text_before_share":"","sfsi_plus_gutenberg_show_text_before_share":"","sfsi_plus_gutenberg_icon_type":"","sfsi_plus_gutenberg_icon_alignemt":"","sfsi_plus_gutenburg_max_per_row":"","footnotes":""},"categories":[2],"tags":[],"class_list":["post-136477","post","type-post","status-publish","format-standard","has-post-thumbnail","hentry","category-geral"],"_links":{"self":[{"href":"https:\/\/www.caririemacao.com\/1\/wp-json\/wp\/v2\/posts\/136477","targetHints":{"allow":["GET"]}}],"collection":[{"href":"https:\/\/www.caririemacao.com\/1\/wp-json\/wp\/v2\/posts"}],"about":[{"href":"https:\/\/www.caririemacao.com\/1\/wp-json\/wp\/v2\/types\/post"}],"author":[{"embeddable":true,"href":"https:\/\/www.caririemacao.com\/1\/wp-json\/wp\/v2\/users\/1"}],"replies":[{"embeddable":true,"href":"https:\/\/www.caririemacao.com\/1\/wp-json\/wp\/v2\/comments?post=136477"}],"version-history":[{"count":1,"href":"https:\/\/www.caririemacao.com\/1\/wp-json\/wp\/v2\/posts\/136477\/revisions"}],"predecessor-version":[{"id":136479,"href":"https:\/\/www.caririemacao.com\/1\/wp-json\/wp\/v2\/posts\/136477\/revisions\/136479"}],"wp:featuredmedia":[{"embeddable":true,"href":"https:\/\/www.caririemacao.com\/1\/wp-json\/wp\/v2\/media\/128343"}],"wp:attachment":[{"href":"https:\/\/www.caririemacao.com\/1\/wp-json\/wp\/v2\/media?parent=136477"}],"wp:term":[{"taxonomy":"category","embeddable":true,"href":"https:\/\/www.caririemacao.com\/1\/wp-json\/wp\/v2\/categories?post=136477"},{"taxonomy":"post_tag","embeddable":true,"href":"https:\/\/www.caririemacao.com\/1\/wp-json\/wp\/v2\/tags?post=136477"}],"curies":[{"name":"wp","href":"https:\/\/api.w.org\/{rel}","templated":true}]}}