{"id":136486,"date":"2019-11-18T16:30:37","date_gmt":"2019-11-18T19:30:37","guid":{"rendered":"http:\/\/www.caririemacao.com\/1\/?p=136486"},"modified":"2019-11-18T16:30:37","modified_gmt":"2019-11-18T19:30:37","slug":"prf-registra-75-mortes-e-mais-de-mil-feridos-nas-rodovias-federais","status":"publish","type":"post","link":"https:\/\/www.caririemacao.com\/1\/2019\/11\/18\/prf-registra-75-mortes-e-mais-de-mil-feridos-nas-rodovias-federais\/","title":{"rendered":"PRF registra 75 mortes e mais de mil feridos nas rodovias federais"},"content":{"rendered":"\n<p>O feriad\u00e3o da Proclama\u00e7\u00e3o da Rep\u00fablica deixou um saldo de 863 acidentes nas rodovias federais que cortam o pa\u00eds, com 1.040 pessoas feridas e 75 mortes, segundo o balan\u00e7o divulgado hoje (18) pela Pol\u00edcia Rodovi\u00e1ria Federal (PRF).<\/p>\n\n\n\n<p>De acordo com a PRF, a Opera\u00e7\u00e3o Proclama\u00e7\u00e3o da Rep\u00fablica 2019 iniciada na \u00faltima quinta-feira (14) e encerrada nesse domingo (17)&nbsp;flagrou 1.664 motoristas que haviam consumido bebida alco\u00f3lica antes de assumir o volante.<\/p>\n\n\n\n<p>Desses, 486 tiveram a alcoolemia constatada pelo teste do etil\u00f4metro (baf\u00f4metro). No total, mais de 60,3 mil motoristas foram submetidos ao teste, seja no aparelho tradicional ou no etil\u00f4metro passivo, com 147 pessoas detidas.<\/p>\n\n\n\n<p>Segundo a PRF, boa parte das colis\u00f5es frontais com mortes foi causada pelas ultrapassagens indevidas, seja em local proibido ou for\u00e7adas. Os policiais notificaram 6.214 ve\u00edculos realizando esse tipo de manobra perigosa.<\/p>\n\n\n\n<p>Os policiais flagraram 1.734 motoristas que n\u00e3o usavam o cinto de seguran\u00e7a durante a abordagem, enquanto mais de 2 mil passageiros tamb\u00e9m n\u00e3o estavam com o equipamento. Os dados mostraram ainda que 238 condutores foram flagrados fazendo uso do celular.<\/p>\n\n\n\n<p>Quanto aos condutores de motos, a maior imprud\u00eancia foi em rela\u00e7\u00e3o ao n\u00e3o uso do capacete: 1.112 motociclistas que estavam circulando sem o equipamento obrigat\u00f3rio foram autuados.<\/p>\n\n\n\n<p>Durante os quatro dias da opera\u00e7\u00e3o, 160 mil ve\u00edculos foram fiscalizados e 163 mil pessoas tamb\u00e9m passaram pelos procedimentos de fiscaliza\u00e7\u00e3o. A\u00e7\u00f5es de educa\u00e7\u00e3o para o tr\u00e2nsito tamb\u00e9m foram desenvolvidas em todo pa\u00eds. Cerca de oito mil pessoas receberam orienta\u00e7\u00f5es de um tr\u00e2nsito mais seguro por meio do Cinema Rodovi\u00e1rio.<\/p>\n\n\n\n<h2 class=\"wp-block-heading\">Criminalidade<\/h2>\n\n\n\n<p>Segundo a PRF, entre quinta-feira e domingo, os policiais detiveram 689 pessoas por diversos tipos crimes, 42 delas pelo crime de tr\u00e1fico de drogas e 160 por diferentes crimes de tr\u00e2nsito.<\/p>\n\n\n\n<p>Os agentes apreenderam182,7 quilos de coca\u00edna e 4 toneladas de maconha, al\u00e9m de 90 mil pacotes de cigarros contrabandeados. Os policias recuperaram ainda 64 ve\u00edculos com alerta de roubo ou furto.<\/p>\n","protected":false},"excerpt":{"rendered":"<p>O feriad\u00e3o da Proclama\u00e7\u00e3o da Rep\u00fablica deixou um saldo de 863 acidentes nas rodovias federais que cortam o pa\u00eds, com 1.040 pessoas feridas e 75&hellip; <\/p>\n","protected":false},"author":1,"featured_media":91100,"comment_status":"closed","ping_status":"closed","sticky":false,"template":"","format":"standard","meta":{"sfsi_plus_gutenberg_text_before_share":"","sfsi_plus_gutenberg_show_text_before_share":"","sfsi_plus_gutenberg_icon_type":"","sfsi_plus_gutenberg_icon_alignemt":"","sfsi_plus_gutenburg_max_per_row":"","footnotes":""},"categories":[12],"tags":[],"class_list":["post-136486","post","type-post","status-publish","format-standard","has-post-thumbnail","hentry","category-policia"],"_links":{"self":[{"href":"https:\/\/www.caririemacao.com\/1\/wp-json\/wp\/v2\/posts\/136486","targetHints":{"allow":["GET"]}}],"collection":[{"href":"https:\/\/www.caririemacao.com\/1\/wp-json\/wp\/v2\/posts"}],"about":[{"href":"https:\/\/www.caririemacao.com\/1\/wp-json\/wp\/v2\/types\/post"}],"author":[{"embeddable":true,"href":"https:\/\/www.caririemacao.com\/1\/wp-json\/wp\/v2\/users\/1"}],"replies":[{"embeddable":true,"href":"https:\/\/www.caririemacao.com\/1\/wp-json\/wp\/v2\/comments?post=136486"}],"version-history":[{"count":1,"href":"https:\/\/www.caririemacao.com\/1\/wp-json\/wp\/v2\/posts\/136486\/revisions"}],"predecessor-version":[{"id":136488,"href":"https:\/\/www.caririemacao.com\/1\/wp-json\/wp\/v2\/posts\/136486\/revisions\/136488"}],"wp:featuredmedia":[{"embeddable":true,"href":"https:\/\/www.caririemacao.com\/1\/wp-json\/wp\/v2\/media\/91100"}],"wp:attachment":[{"href":"https:\/\/www.caririemacao.com\/1\/wp-json\/wp\/v2\/media?parent=136486"}],"wp:term":[{"taxonomy":"category","embeddable":true,"href":"https:\/\/www.caririemacao.com\/1\/wp-json\/wp\/v2\/categories?post=136486"},{"taxonomy":"post_tag","embeddable":true,"href":"https:\/\/www.caririemacao.com\/1\/wp-json\/wp\/v2\/tags?post=136486"}],"curies":[{"name":"wp","href":"https:\/\/api.w.org\/{rel}","templated":true}]}}