{"id":136505,"date":"2019-11-19T07:27:23","date_gmt":"2019-11-19T10:27:23","guid":{"rendered":"http:\/\/www.caririemacao.com\/1\/?p=136505"},"modified":"2019-11-19T07:27:23","modified_gmt":"2019-11-19T10:27:23","slug":"ifpb-nomeia-81-aprovados-em-concurso-de-tecnico-administrativos","status":"publish","type":"post","link":"https:\/\/www.caririemacao.com\/1\/2019\/11\/19\/ifpb-nomeia-81-aprovados-em-concurso-de-tecnico-administrativos\/","title":{"rendered":"IFPB nomeia 81 aprovados em concurso de t\u00e9cnico-administrativos"},"content":{"rendered":"\n<p>Os 81 aprovados no concurso p\u00fablico do IFPB para cargos t\u00e9cnico-administrativos foram nomeados no Di\u00e1rio Oficial da Uni\u00e3o desta segunda-feira (18).&nbsp;<a href=\"http:\/\/www.ifpb.edu.br\/servidor\/todos-os-servidores\/documentos\/portaria-no-2-557-de-14-de-novembro-de-2019-nomeacao-edital-no-147_2018.pdf\">Confira aqui<\/a>.<\/p>\n\n\n\n<p>Os candidatos aprovados na nomea\u00e7\u00e3o ter\u00e3o um prazo de 30 dias para tomar posse. Antes disso, devem se informar de suas op\u00e7\u00f5es de lota\u00e7\u00e3o.<\/p>\n\n\n\n<p>Foram nomeados 81 pessoas, distribu\u00eddas em 21 cargos dos n\u00edveis C, D e E.<\/p>\n\n\n\n<p>Os convocados receberam, atrav\u00e9s do endere\u00e7o de e-mail informado no ato da inscri\u00e7\u00e3o no concurso, as instru\u00e7\u00f5es para a entrega da documenta\u00e7\u00e3o, para a posse coletiva, a forma como proceder em rela\u00e7\u00e3o \u00e0 escolha da unidade em que ser\u00e3o lotados, bem como sobre a ambienta\u00e7\u00e3o ao servi\u00e7o p\u00fablico.<\/p>\n\n\n\n<p><a href=\"http:\/\/www.ifpb.edu.br\/servidor\/aprovados-em-concurso-publico\/documentos-para-a-posse\">A lista de documentos e exames necess\u00e1rios<\/a>&nbsp;para a posse pode ser acessada no Portal do Servidor.<br>&nbsp;<br>O resultado final do concurso p\u00fablico do Instituto Federal da Para\u00edba para T\u00e9cnico-Administrativo (Edital n\u00ba 147\/2018) e para o cargo de Tradutor e Int\u00e9rprete de Libras (Edital n\u00ba 149\/2018) foi homologado no dia 15 de outubro, em publica\u00e7\u00e3o no Di\u00e1rio Oficial da Uni\u00e3o.<br>&nbsp;<br>O concurso de n\u00edvel T\u00e9cnico-Administrativo ofereceu 36 vagas e o de Int\u00e9rprete de Libras, 02 vagas.&nbsp;<\/p>\n\n\n\n<p>Os sal\u00e1rios iniciais correspondem a R$ 1.945,07 (n\u00edvel C), R$ 2.446,96 (n\u00edvel D) e R$ 4.180,66 (n\u00edvel E), acrescidos de benef\u00edcios como aux\u00edlio-alimenta\u00e7\u00e3o, aux\u00edlio pr\u00e9-escola, aux\u00edlio transporte e adicional de insalubridade ou periculosidade.<\/p>\n","protected":false},"excerpt":{"rendered":"<p>Os 81 aprovados no concurso p\u00fablico do IFPB para cargos t\u00e9cnico-administrativos foram nomeados no Di\u00e1rio Oficial da Uni\u00e3o desta segunda-feira (18).&nbsp;Confira aqui. Os candidatos aprovados&hellip; <\/p>\n","protected":false},"author":1,"featured_media":95662,"comment_status":"closed","ping_status":"closed","sticky":false,"template":"","format":"standard","meta":{"sfsi_plus_gutenberg_text_before_share":"","sfsi_plus_gutenberg_show_text_before_share":"","sfsi_plus_gutenberg_icon_type":"","sfsi_plus_gutenberg_icon_alignemt":"","sfsi_plus_gutenburg_max_per_row":"","footnotes":""},"categories":[14],"tags":[],"class_list":["post-136505","post","type-post","status-publish","format-standard","has-post-thumbnail","hentry","category-educacao"],"_links":{"self":[{"href":"https:\/\/www.caririemacao.com\/1\/wp-json\/wp\/v2\/posts\/136505","targetHints":{"allow":["GET"]}}],"collection":[{"href":"https:\/\/www.caririemacao.com\/1\/wp-json\/wp\/v2\/posts"}],"about":[{"href":"https:\/\/www.caririemacao.com\/1\/wp-json\/wp\/v2\/types\/post"}],"author":[{"embeddable":true,"href":"https:\/\/www.caririemacao.com\/1\/wp-json\/wp\/v2\/users\/1"}],"replies":[{"embeddable":true,"href":"https:\/\/www.caririemacao.com\/1\/wp-json\/wp\/v2\/comments?post=136505"}],"version-history":[{"count":1,"href":"https:\/\/www.caririemacao.com\/1\/wp-json\/wp\/v2\/posts\/136505\/revisions"}],"predecessor-version":[{"id":136507,"href":"https:\/\/www.caririemacao.com\/1\/wp-json\/wp\/v2\/posts\/136505\/revisions\/136507"}],"wp:featuredmedia":[{"embeddable":true,"href":"https:\/\/www.caririemacao.com\/1\/wp-json\/wp\/v2\/media\/95662"}],"wp:attachment":[{"href":"https:\/\/www.caririemacao.com\/1\/wp-json\/wp\/v2\/media?parent=136505"}],"wp:term":[{"taxonomy":"category","embeddable":true,"href":"https:\/\/www.caririemacao.com\/1\/wp-json\/wp\/v2\/categories?post=136505"},{"taxonomy":"post_tag","embeddable":true,"href":"https:\/\/www.caririemacao.com\/1\/wp-json\/wp\/v2\/tags?post=136505"}],"curies":[{"name":"wp","href":"https:\/\/api.w.org\/{rel}","templated":true}]}}