{"id":136523,"date":"2019-11-19T07:30:29","date_gmt":"2019-11-19T10:30:29","guid":{"rendered":"http:\/\/www.caririemacao.com\/1\/?p=136523"},"modified":"2019-11-19T07:30:29","modified_gmt":"2019-11-19T10:30:29","slug":"em-paris-joao-azevedo-destaca-educacao-e-empreendedorismo-para-inclusao-social-de-jovens","status":"publish","type":"post","link":"https:\/\/www.caririemacao.com\/1\/2019\/11\/19\/em-paris-joao-azevedo-destaca-educacao-e-empreendedorismo-para-inclusao-social-de-jovens\/","title":{"rendered":"Em Paris, Jo\u00e3o Azev\u00eado destaca educa\u00e7\u00e3o e empreendedorismo para inclus\u00e3o social de jovens"},"content":{"rendered":"\n<p>O governador Jo\u00e3o Azev\u00eado defendeu a educa\u00e7\u00e3o e o empreendedorismo como formas de inclus\u00e3o social. Ele discursou em Paris, na Fran\u00e7a, durante o encontro dos governadores do Nordeste com 40 empres\u00e1rios franceses. O Cons\u00f3rcio Nordeste est\u00e1 na Europa em busca de investimentos para a regi\u00e3o brasileira e come\u00e7ou nesta segunda-feira (18) a jornada que ainda percorrer\u00e1 a It\u00e1lia e a Alemanha.<\/p>\n\n\n\n<p>&#8220;Em fun\u00e7\u00e3o das diferen\u00e7as sociais que ainda existem no Brasil n\u00f3s entendemos, claramente, que temos que buscar, aliados ao desenvolvimento econ\u00f4mico de uma regi\u00e3o, a inclus\u00e3o social como tema principal. A educa\u00e7\u00e3o \u00e9 muito importante. Ela possibilita, evidentemente, que jovens possam disputar o mercado de trabalho da melhor maneira poss\u00edvel. N\u00f3s temos essa compreens\u00e3o de que no mundo e nas rela\u00e7\u00f5es de trabalho, hoje completamente diferentes do que n\u00f3s vivemos alguns anos atr\u00e1s, o empreendedorismo \u00e9 fundamental para que a gente possa ter uma educa\u00e7\u00e3o de qualidade. Mas, ao mesmo tempo, permitindo que o jovem tenha uma vis\u00e3o de mundo e de rela\u00e7\u00f5es de trabalho diferente&#8221;, disse Jo\u00e3o Azev\u00eado durante o encontro.<\/p>\n\n\n\n<p>Ao final, o governador avaliou a reuni\u00e3o e revelou a expectativa por investimentos a partir desses encontros. &#8220;N\u00f3s estamos exatamente iniciando aqui em Paris essa agenda, passando por tr\u00eas pa\u00edses, Fran\u00e7a, It\u00e1lia e Alemanha. Tivemos a oportunidade hoje pela manh\u00e3 de nos encontrar com mais de 40 empres\u00e1rios, com v\u00e1rios representantes do governo franc\u00eas e n\u00f3s tivemos a possibilidade de agendar uma pr\u00f3xima reuni\u00e3o, a partir de fevereiro j\u00e1 no Brasil, com temas a serem tratados dentro das c\u00e2maras t\u00e9cnicas que n\u00f3s temos no Cons\u00f3rcio. Eu vislumbro com muita expectativa e esperan\u00e7a que possamos ter grandes investimentos sendo feitos no Brasil a partir das reuni\u00f5es que estamos realizando aqui na Europa.&#8221;<\/p>\n\n\n\n<figure><iframe width=\"853\" height=\"480\" data-src=\"https:\/\/www.youtube.com\/embed\/go7tmBTMSSM\" allowfullscreen=\"\" src=\"data:image\/svg+xml;base64,PHN2ZyB3aWR0aD0iMSIgaGVpZ2h0PSIxIiB4bWxucz0iaHR0cDovL3d3dy53My5vcmcvMjAwMC9zdmciPjwvc3ZnPg==\" class=\"lazyload\" data-load-mode=\"1\"><\/iframe><\/figure>\n\n\n\n<figure><iframe width=\"848\" height=\"480\" data-src=\"https:\/\/www.youtube.com\/embed\/hF4NPuk-YGw\" allowfullscreen=\"\" src=\"data:image\/svg+xml;base64,PHN2ZyB3aWR0aD0iMSIgaGVpZ2h0PSIxIiB4bWxucz0iaHR0cDovL3d3dy53My5vcmcvMjAwMC9zdmciPjwvc3ZnPg==\" class=\"lazyload\" data-load-mode=\"1\"><\/iframe><\/figure>\n","protected":false},"excerpt":{"rendered":"<p>O governador Jo\u00e3o Azev\u00eado defendeu a educa\u00e7\u00e3o e o empreendedorismo como formas de inclus\u00e3o social. Ele discursou em Paris, na Fran\u00e7a, durante o encontro dos&hellip; <\/p>\n","protected":false},"author":1,"featured_media":124197,"comment_status":"closed","ping_status":"closed","sticky":false,"template":"","format":"standard","meta":{"sfsi_plus_gutenberg_text_before_share":"","sfsi_plus_gutenberg_show_text_before_share":"","sfsi_plus_gutenberg_icon_type":"","sfsi_plus_gutenberg_icon_alignemt":"","sfsi_plus_gutenburg_max_per_row":"","footnotes":""},"categories":[11],"tags":[],"class_list":["post-136523","post","type-post","status-publish","format-standard","has-post-thumbnail","hentry","category-politica"],"_links":{"self":[{"href":"https:\/\/www.caririemacao.com\/1\/wp-json\/wp\/v2\/posts\/136523","targetHints":{"allow":["GET"]}}],"collection":[{"href":"https:\/\/www.caririemacao.com\/1\/wp-json\/wp\/v2\/posts"}],"about":[{"href":"https:\/\/www.caririemacao.com\/1\/wp-json\/wp\/v2\/types\/post"}],"author":[{"embeddable":true,"href":"https:\/\/www.caririemacao.com\/1\/wp-json\/wp\/v2\/users\/1"}],"replies":[{"embeddable":true,"href":"https:\/\/www.caririemacao.com\/1\/wp-json\/wp\/v2\/comments?post=136523"}],"version-history":[{"count":1,"href":"https:\/\/www.caririemacao.com\/1\/wp-json\/wp\/v2\/posts\/136523\/revisions"}],"predecessor-version":[{"id":136524,"href":"https:\/\/www.caririemacao.com\/1\/wp-json\/wp\/v2\/posts\/136523\/revisions\/136524"}],"wp:featuredmedia":[{"embeddable":true,"href":"https:\/\/www.caririemacao.com\/1\/wp-json\/wp\/v2\/media\/124197"}],"wp:attachment":[{"href":"https:\/\/www.caririemacao.com\/1\/wp-json\/wp\/v2\/media?parent=136523"}],"wp:term":[{"taxonomy":"category","embeddable":true,"href":"https:\/\/www.caririemacao.com\/1\/wp-json\/wp\/v2\/categories?post=136523"},{"taxonomy":"post_tag","embeddable":true,"href":"https:\/\/www.caririemacao.com\/1\/wp-json\/wp\/v2\/tags?post=136523"}],"curies":[{"name":"wp","href":"https:\/\/api.w.org\/{rel}","templated":true}]}}