{"id":136531,"date":"2019-11-19T07:41:40","date_gmt":"2019-11-19T10:41:40","guid":{"rendered":"http:\/\/www.caririemacao.com\/1\/?p=136531"},"modified":"2019-11-19T07:41:40","modified_gmt":"2019-11-19T10:41:40","slug":"saude-busca-imunizar-mais-de-9-milhoes-de-jovens-contra-o-sarampo","status":"publish","type":"post","link":"https:\/\/www.caririemacao.com\/1\/2019\/11\/19\/saude-busca-imunizar-mais-de-9-milhoes-de-jovens-contra-o-sarampo\/","title":{"rendered":"Sa\u00fade busca imunizar mais de 9 milh\u00f5es de jovens contra o sarampo"},"content":{"rendered":"\n<p>Com foco na popula\u00e7\u00e3o jovem, com idade entre 20 e 29 anos, o Minist\u00e9rio da Sa\u00fade iniciou hoje (18) a segunda fase da Campanha Nacional de Vacina\u00e7\u00e3o contra o Sarampo.<\/p>\n\n\n\n<p>De acordo com o minist\u00e9rio, 9,4 milh\u00f5es de brasileiros fazem parte desse grupo et\u00e1rio.<\/p>\n\n\n\n<p>&#8220;Nesta idade, os jovens n\u00e3o costumam ir aos postos de sa\u00fade, pois geralmente n\u00e3o ficam doentes. Esse \u00e9 um ponto importante: precisamos ter uma estrat\u00e9gia diferente com essa popula\u00e7\u00e3o&#8221;, disse o ministro interino da Sa\u00fade, Jo\u00e3o Gabbardo.<\/p>\n\n\n\n<figure class=\"wp-block-image\"><img decoding=\"async\" data-src=\"http:\/\/imagens.ebc.com.br\/QT8M-cJ2JJYuWhmpDTHmELnXnJ4=\/754x0\/smart\/http:\/\/agenciabrasil.ebc.com.br\/sites\/default\/files\/thumbnails\/image\/fcpzzb_181119pzzb33702926.jpg?itok=MWu-Sk_D\" alt=\"O secret\u00e1rio de Vigil\u00e2ncia em Sa\u00fade, Wanderson de Oliveira e o ministro interino da Sa\u00fade, Jo\u00e3o Gabbardo, participam de lan\u00e7amento da segunda etapa da Campanha Nacional de Vacina\u00e7\u00e3o contra o sarampo\" src=\"data:image\/svg+xml;base64,PHN2ZyB3aWR0aD0iMSIgaGVpZ2h0PSIxIiB4bWxucz0iaHR0cDovL3d3dy53My5vcmcvMjAwMC9zdmciPjwvc3ZnPg==\" class=\"lazyload\" \/><\/figure>\n\n\n\n<h6 class=\"wp-block-heading\">O secret\u00e1rio de Vigil\u00e2ncia em Sa\u00fade, Wanderson de Oliveira, e o ministro interino Jo\u00e3o Gabbardo, em entrevista no lan\u00e7amento da 2\u00aa fase da Campanha de Vacina\u00e7\u00e3o contra o Sarampo &#8211;&nbsp;<strong>Fabio Rodrigues Pozzebom\/Ag\u00eancia Brasil<\/strong><\/h6>\n\n\n\n<p>O objetivo da campanha, que teve R$ 7 milh\u00f5es em investimentos nesta fase, \u00e9 imunizar pelo menos 9 milh\u00f5es de pessoas.<\/p>\n\n\n\n<p>Os dados mais recentes da pasta da Sa\u00fade mostram que jovens nessa faixa et\u00e1ria s\u00e3o maioria entre os casos registrados \u2013 respondem por 30,6% do n\u00famero total de casos de sarampo este ano no Brasil. E, de acordo com o boletim epidemiol\u00f3gico divulgado pelo minist\u00e9rio, s\u00e3o tamb\u00e9m o maior vetor em potencial da doen\u00e7a.<\/p>\n\n\n\n<p>O secret\u00e1rio de Vigil\u00e2ncia em Sa\u00fade, Wanderson de Oliveira, ressaltou explicou que mesmo os jovens que acreditam j\u00e1 ter tomado a vacina em anos anteriores devem procurar postos de sa\u00fade para atualizar a dose.<\/p>\n\n\n\n<p>Wanderson explicou que registros antigos da imuniza\u00e7\u00e3o contra sarampo pode estar incompletos ou incorretos. &#8220;\u00c9 muito dif\u00edcil encontrar na caderneta de vacina\u00e7\u00e3o o registro de \u2018vacina contra sarampo\u2019. Ent\u00e3o, caso o jovem tenha d\u00favida, \u00e9 melhor que v\u00e1 \u00e0 unidade de sa\u00fade para avaliar se aquela vacina era realmente a tr\u00edplice viral.&#8221;<\/p>\n\n\n\n<figure><iframe allowfullscreen=\"\" data-src=\"https:\/\/www.youtube.com\/embed\/PRJhbk5ppGA\" src=\"data:image\/svg+xml;base64,PHN2ZyB3aWR0aD0iMSIgaGVpZ2h0PSIxIiB4bWxucz0iaHR0cDovL3d3dy53My5vcmcvMjAwMC9zdmciPjwvc3ZnPg==\" class=\"lazyload\" data-load-mode=\"1\"><\/iframe><\/figure>\n\n\n\n<h2 class=\"wp-block-heading\">Cobertura ampliada<\/h2>\n\n\n\n<p>Apesar do recente reaparecimento do sarampo e do aumento significativo de registros da doen\u00e7a, o Minist\u00e9rio da Sa\u00fade tem feito amplas campanhas para<a href=\"http:\/\/agenciabrasil.ebc.com.br\/saude\/noticia\/2019-11\/sete-em-cada-10-brasileiros-acreditam-em-fake-news-sobre-vacinas\">&nbsp;combater a desinforma\u00e7\u00e3o<\/a>.<br><br>Na primeira fase da mobiliza\u00e7\u00e3o, que teve crian\u00e7as de 6 meses a 5 anos como foco, 16 estados superaram a meta de imuniza\u00e7\u00e3o, que era de 95%. O n\u00famero de munic\u00edpios que t\u00eam a taxa de imuniza\u00e7\u00e3o alta tamb\u00e9m subiu: pulou de 32% para 78%.<\/p>\n\n\n\n<h2 class=\"wp-block-heading\">Dia D<\/h2>\n\n\n\n<p>A segunda fase da campanha vai at\u00e9 30 de novembro, Dia D da Vacina\u00e7\u00e3o contra o Sarampo. Assim como na primeira fase, o Dia D ser\u00e1 de trabalho intenso para que seja poss\u00edvel cobrir a maior parte poss\u00edvel. da popula\u00e7\u00e3o-alvo.<\/p>\n\n\n\n<p>\u201cSugerimos a gestores municipais e estaduais, empres\u00e1rios, donos de escolas e comerciantes que liberem funcion\u00e1rios mais cedo para tomar a vacina\u201d, disse Gabbardo.<\/p>\n\n\n\n<p>H\u00e1, entretanto, uma ressalva para o p\u00fablico-alvo da campanha. Gestantes na faixa et\u00e1ria n\u00e3o devem se vacinar contra sarampo, j\u00e1 que o m\u00e9todo de imuniza\u00e7\u00e3o se d\u00e1 por uma vers\u00e3o atenuada do v\u00edrus.<\/p>\n","protected":false},"excerpt":{"rendered":"<p>Com foco na popula\u00e7\u00e3o jovem, com idade entre 20 e 29 anos, o Minist\u00e9rio da Sa\u00fade iniciou hoje (18) a segunda fase da Campanha Nacional&hellip; <\/p>\n","protected":false},"author":1,"featured_media":102690,"comment_status":"closed","ping_status":"closed","sticky":false,"template":"","format":"standard","meta":{"sfsi_plus_gutenberg_text_before_share":"","sfsi_plus_gutenberg_show_text_before_share":"","sfsi_plus_gutenberg_icon_type":"","sfsi_plus_gutenberg_icon_alignemt":"","sfsi_plus_gutenburg_max_per_row":"","footnotes":""},"categories":[16],"tags":[],"class_list":["post-136531","post","type-post","status-publish","format-standard","has-post-thumbnail","hentry","category-saude"],"_links":{"self":[{"href":"https:\/\/www.caririemacao.com\/1\/wp-json\/wp\/v2\/posts\/136531","targetHints":{"allow":["GET"]}}],"collection":[{"href":"https:\/\/www.caririemacao.com\/1\/wp-json\/wp\/v2\/posts"}],"about":[{"href":"https:\/\/www.caririemacao.com\/1\/wp-json\/wp\/v2\/types\/post"}],"author":[{"embeddable":true,"href":"https:\/\/www.caririemacao.com\/1\/wp-json\/wp\/v2\/users\/1"}],"replies":[{"embeddable":true,"href":"https:\/\/www.caririemacao.com\/1\/wp-json\/wp\/v2\/comments?post=136531"}],"version-history":[{"count":1,"href":"https:\/\/www.caririemacao.com\/1\/wp-json\/wp\/v2\/posts\/136531\/revisions"}],"predecessor-version":[{"id":136532,"href":"https:\/\/www.caririemacao.com\/1\/wp-json\/wp\/v2\/posts\/136531\/revisions\/136532"}],"wp:featuredmedia":[{"embeddable":true,"href":"https:\/\/www.caririemacao.com\/1\/wp-json\/wp\/v2\/media\/102690"}],"wp:attachment":[{"href":"https:\/\/www.caririemacao.com\/1\/wp-json\/wp\/v2\/media?parent=136531"}],"wp:term":[{"taxonomy":"category","embeddable":true,"href":"https:\/\/www.caririemacao.com\/1\/wp-json\/wp\/v2\/categories?post=136531"},{"taxonomy":"post_tag","embeddable":true,"href":"https:\/\/www.caririemacao.com\/1\/wp-json\/wp\/v2\/tags?post=136531"}],"curies":[{"name":"wp","href":"https:\/\/api.w.org\/{rel}","templated":true}]}}