{"id":136537,"date":"2019-11-19T07:43:33","date_gmt":"2019-11-19T10:43:33","guid":{"rendered":"http:\/\/www.caririemacao.com\/1\/?p=136537"},"modified":"2019-11-19T07:43:33","modified_gmt":"2019-11-19T10:43:33","slug":"mudancas-climaticas-ja-prejudicam-saude-das-criancas-diz-relatorio","status":"publish","type":"post","link":"https:\/\/www.caririemacao.com\/1\/2019\/11\/19\/mudancas-climaticas-ja-prejudicam-saude-das-criancas-diz-relatorio\/","title":{"rendered":"Mudan\u00e7as clim\u00e1ticas j\u00e1 prejudicam sa\u00fade das crian\u00e7as, diz relat\u00f3rio"},"content":{"rendered":"\n<p>As mudan\u00e7as clim\u00e1ticas j\u00e1 prejudicam a sa\u00fade das crian\u00e7as em todo o mundo, com amea\u00e7as de impactos ao longo da vida, de acordo com o relat\u00f3rio internacional Lancet Countdown 2019 (Contagem Regressiva da Lancet), lan\u00e7ado hoje (18) no Brasil. Se o mundo continuar no atual padr\u00e3o econ\u00f4mico de altas emiss\u00f5es de carbono e mudan\u00e7as clim\u00e1ticas, o documento aponta que uma crian\u00e7a nascida hoje enfrentar\u00e1 um planeta em m\u00e9dia 4\u00b0 C mais quente at\u00e9 os seus 71 anos, o que amea\u00e7aria sua sa\u00fade em todas as fases da vida.<\/p>\n\n\n\n<p>\u201cA mensagem chave desse relat\u00f3rio global \u00e9 que a gente precisa se atentar para as mudan\u00e7as clim\u00e1ticas logo, para que as crian\u00e7as, no futuro, n\u00e3o sejam t\u00e3o afetadas. A crian\u00e7a vai ser afetada, mas para que ela n\u00e3o seja t\u00e3o afetada\u201d, disse a m\u00e9dica Mayara Floss, uma das autoras do relat\u00f3rio no Brasil.<\/p>\n\n\n\n<p>O impacto da polui\u00e7\u00e3o do ar deve piorar nos pr\u00f3ximos anos, mostra o relat\u00f3rio. O fornecimento de energia derivada do carv\u00e3o, por exemplo, triplicou no Brasil nos \u00faltimos 40 anos; ao mesmo tempo que os n\u00edveis perigosos de polui\u00e7\u00e3o atmosf\u00e9rica ao ar livre contribu\u00edram para 24 mil mortes prematuras em 2016. O projeto \u00e9 uma colabora\u00e7\u00e3o de 120 especialistas de 35 institui\u00e7\u00f5es, incluindo a Organiza\u00e7\u00e3o Mundial de Sa\u00fade (OMS), o Banco Mundial e a Funda\u00e7\u00e3o Oswaldo Cruz (Fiocruz), ligada ao Minist\u00e9rio da Sa\u00fade brasileiro.<\/p>\n\n\n\n<p>\u201cLongas secas, chuvas excessivas e inc\u00eandios n\u00e3o controlados est\u00e3o agravando os efeitos sobre a sa\u00fade. Impulsionado em parte pelas mudan\u00e7as clim\u00e1ticas, o crescimento cont\u00ednuo da dengue pode tornar-se incontrol\u00e1vel em breve &#8211; a incid\u00eancia triplicou desde 2014. Lamentavelmente, o desmatamento de florestas maduras est\u00e1 aumentando novamente, assim como o uso de carv\u00e3o. N\u00e3o podemos desperdi\u00e7ar o hist\u00f3rico de sucesso conquistado com tanto esfor\u00e7o\u201d, disse Mayara.<\/p>\n\n\n\n<p>Segundo o relat\u00f3rio, as crian\u00e7as s\u00e3o as que mais sofrer\u00e3o com o aumento de doen\u00e7as infecciosas, como a dengue. \u201cA gente sabe que a capacidade do mosquito da dengue de transmitir doen\u00e7a tem aumentado muito. Esse \u00e9 um dado muito alarmante. E isso est\u00e1 relacionado \u00e0s mudan\u00e7as clim\u00e1ticas e ao aumento da temperatura\u201d, disse Mayara.<\/p>\n\n\n\n<p>Ainda de acordo com o documento, eventos clim\u00e1ticos extremos se intensificar\u00e3o na idade adulta de pessoas nascidas hoje. No Brasil, 1,6 milh\u00e3o de pessoas foram expostas a inc\u00eandios florestais desde 2001. Em todo o mundo houve um aumento de 220 milh\u00f5es de pessoas acima de 65 anos expostas a ondas de calor em 2018, na compara\u00e7\u00e3o com 2000. Em rela\u00e7\u00e3o a 2017, a alta foi de 63 milh\u00f5es.<\/p>\n\n\n\n<h2 class=\"wp-block-heading\">Mitiga\u00e7\u00e3o de impactos<\/h2>\n\n\n\n<p>O documento tem o objetivo de oferecer recomenda\u00e7\u00f5es pol\u00edticas aos tomadores de decis\u00e3o para mitiga\u00e7\u00e3o dos impactos. Uma delas \u00e9 que as diretrizes do Acordo de Paris sejam cumpridas a fim de limitar o aquecimento a um n\u00edvel bem abaixo de 2 \u00b0C, o que poder\u00e1 permitir que uma crian\u00e7a nascida hoje cres\u00e7a em um mundo que atingir\u00e1 emiss\u00f5es zero at\u00e9 seu 31\u00ba anivers\u00e1rio.<\/p>\n\n\n\n<p>Os autores do relat\u00f3rio alertam que para que o mundo atinja as metas clim\u00e1ticas da Organiza\u00e7\u00e3o das Na\u00e7\u00f5es Unidas e proteja a sa\u00fade da pr\u00f3xima gera\u00e7\u00e3o, o cen\u00e1rio energ\u00e9tico ter\u00e1 que mudar de forma dr\u00e1stica e r\u00e1pida: apenas um corte anual de no m\u00ednimo 7,4% nas emiss\u00f5es f\u00f3sseis de CO2 entre 2019 e 2050 limitar\u00e1 o aquecimento global \u00e0 meta de 1,5 \u00b0C, considerada a mais ambiciosa.<\/p>\n\n\n\n<p>\u201cInterromper e reverter a perda de florestas tropicais e comprometer-se com a elimina\u00e7\u00e3o gradual do carv\u00e3o ser\u00e1 essencial para o Brasil cumprir as metas clim\u00e1ticas acordadas sob o Acordo de Paris e proteger a sa\u00fade das futuras gera\u00e7\u00f5es\u201d, disse Mayara.<\/p>\n\n\n\n<p>Al\u00e9m da elimina\u00e7\u00e3o da energia a carv\u00e3o, o relat\u00f3rio traz outras a\u00e7\u00f5es priorit\u00e1rias para mudar os rumos do impacto das mudan\u00e7as clim\u00e1ticas na sa\u00fade, como aumentar os sistemas ativo e p\u00fablico de transporte acess\u00edvel, econ\u00f4mico e eficiente, especialmente a p\u00e9 e de bicicleta, com a cria\u00e7\u00e3o de ciclovias e incentivo ao aluguel ou compra de bicicletas.<\/p>\n\n\n\n<p>Outra a\u00e7\u00e3o \u00e9 assegurar que as maiores economias do mundo cumpram os compromissos internacionais de financiamento clim\u00e1tico de US$ 100 bilh\u00f5es por ano at\u00e9 2020 para ajudar os pa\u00edses de baixa renda.<\/p>\n","protected":false},"excerpt":{"rendered":"<p>As mudan\u00e7as clim\u00e1ticas j\u00e1 prejudicam a sa\u00fade das crian\u00e7as em todo o mundo, com amea\u00e7as de impactos ao longo da vida, de acordo com o&hellip; <\/p>\n","protected":false},"author":1,"featured_media":30574,"comment_status":"closed","ping_status":"closed","sticky":false,"template":"","format":"standard","meta":{"sfsi_plus_gutenberg_text_before_share":"","sfsi_plus_gutenberg_show_text_before_share":"","sfsi_plus_gutenberg_icon_type":"","sfsi_plus_gutenberg_icon_alignemt":"","sfsi_plus_gutenburg_max_per_row":"","footnotes":""},"categories":[2],"tags":[],"class_list":["post-136537","post","type-post","status-publish","format-standard","has-post-thumbnail","hentry","category-geral"],"_links":{"self":[{"href":"https:\/\/www.caririemacao.com\/1\/wp-json\/wp\/v2\/posts\/136537","targetHints":{"allow":["GET"]}}],"collection":[{"href":"https:\/\/www.caririemacao.com\/1\/wp-json\/wp\/v2\/posts"}],"about":[{"href":"https:\/\/www.caririemacao.com\/1\/wp-json\/wp\/v2\/types\/post"}],"author":[{"embeddable":true,"href":"https:\/\/www.caririemacao.com\/1\/wp-json\/wp\/v2\/users\/1"}],"replies":[{"embeddable":true,"href":"https:\/\/www.caririemacao.com\/1\/wp-json\/wp\/v2\/comments?post=136537"}],"version-history":[{"count":1,"href":"https:\/\/www.caririemacao.com\/1\/wp-json\/wp\/v2\/posts\/136537\/revisions"}],"predecessor-version":[{"id":136539,"href":"https:\/\/www.caririemacao.com\/1\/wp-json\/wp\/v2\/posts\/136537\/revisions\/136539"}],"wp:featuredmedia":[{"embeddable":true,"href":"https:\/\/www.caririemacao.com\/1\/wp-json\/wp\/v2\/media\/30574"}],"wp:attachment":[{"href":"https:\/\/www.caririemacao.com\/1\/wp-json\/wp\/v2\/media?parent=136537"}],"wp:term":[{"taxonomy":"category","embeddable":true,"href":"https:\/\/www.caririemacao.com\/1\/wp-json\/wp\/v2\/categories?post=136537"},{"taxonomy":"post_tag","embeddable":true,"href":"https:\/\/www.caririemacao.com\/1\/wp-json\/wp\/v2\/tags?post=136537"}],"curies":[{"name":"wp","href":"https:\/\/api.w.org\/{rel}","templated":true}]}}