{"id":136543,"date":"2019-11-19T07:45:04","date_gmt":"2019-11-19T10:45:04","guid":{"rendered":"http:\/\/www.caririemacao.com\/1\/?p=136543"},"modified":"2019-11-19T07:45:04","modified_gmt":"2019-11-19T10:45:04","slug":"ministra-mostra-experiencia-do-brasil-com-agricultura-de-baixo-carbono","status":"publish","type":"post","link":"https:\/\/www.caririemacao.com\/1\/2019\/11\/19\/ministra-mostra-experiencia-do-brasil-com-agricultura-de-baixo-carbono\/","title":{"rendered":"Ministra mostra experi\u00eancia do Brasil com agricultura de baixo carbono"},"content":{"rendered":"\n<p>A ministra da Agricultura, Pecu\u00e1ria e Abastecimento, Tereza Cristina, apresentou, nessa segunda-feira (18) em Washington, nos Estados Unidos (EUA), sua agenda estrat\u00e9gica para os pr\u00f3ximos anos, baseada em tr\u00eas desafios: governan\u00e7a fundi\u00e1ria, inova\u00e7\u00e3o tecnol\u00f3gica e qualidade sanit\u00e1ria. Para ela, essas s\u00e3o quest\u00f5es fundamentais para a produ\u00e7\u00e3o sustent\u00e1vel. Ela lembrou que o Brasil conta com legisla\u00e7\u00e3o ambiental exigente.<\/p>\n\n\n\n<p>Durante evento do Banco Mundial, Tereza Cristina apresentou a experi\u00eancia brasileira com a agricultura de baixo carbono, do projeto ABC Cerrado. Segundo ela, a ideia \u00e9 levar a mesma proposta a outras regi\u00f5es do Brasil. O projeto, desenvolvido em conjunto com o Servi\u00e7o Nacional de Aprendizagem Rural (Senar) e a Empresa Brasileira de Pesquisa Agropecu\u00e1ria (Embrapa), recebeu recursos do Fundo de Investimento Florestal (FIP) e atendeu a 7,8 mil produtores rurais em oito estados.<\/p>\n\n\n\n<p>De acordo com o Senar, o projeto contribuiu para o aumento da produtividade nas propriedades atendidas, como a pecu\u00e1ria de corte, que subiu de 0,7 unidade\/animal por hectare para 2,5. O ganho de peso dos animais com a renova\u00e7\u00e3o da pastagem tamb\u00e9m aumentou, passando de 400 para 900 gramas\/dia. Al\u00e9m disso, o produtor investiu nas tecnologias de baixa emiss\u00e3o de carbono. A cada R$ 1 gasto pelo ABC Cerrado, o produtor investiu R$ 7 em recupera\u00e7\u00e3o e R$ 5 em manuten\u00e7\u00e3o e manejo da pastagem.<\/p>\n\n\n\n<p>Para Daniel Carrara, diretor-geral do Senar, apresentar o projeto ABC Cerrado depois de cinco anos de capacita\u00e7\u00e3o \u00e9 uma oportunidade de levar mais recursos para ampliar iniciativas semelhantes.&nbsp;<\/p>\n\n\n\n<h2 class=\"wp-block-heading\">Outros projetos<\/h2>\n\n\n\n<p>Durante o discurso no Banco Mundial, Tereza Cristina afirmou que vai buscar apoio do Banco Mundial e do Banco Interamericano de Desenvolvimento (BID) para o desenvolvimento do programa AgroNordeste, um plano de a\u00e7\u00e3o para impulsionar o desenvolvimento econ\u00f4mico. O programa e ser\u00e1 implantado at\u00e9 o ano que vem em 230 munic\u00edpios dos nove estados do Nordeste e parte de Minas Gerais, divididos em 12 territ\u00f3rios, com popula\u00e7\u00e3o rural de 1,7 milh\u00e3o de pessoas. \u201cVamos tratar de temas que envolvem quest\u00f5es sociais, produtivas e ambientais junto a esse projeto Agronordeste\u201d.<\/p>\n\n\n\n<p>A ministra informou que nos encontros com o Banco Mundial e o BID vai tratar de um projeto semelhante ao AgroNordeste para a Regi\u00e3o Norte e que o foco ser\u00e1 a regulariza\u00e7\u00e3o fundi\u00e1ria. \u201cA base para levar prosperidade, os projetos que possam colocar as pessoas na vida produtiva com dignidade t\u00eam que come\u00e7ar com o primeiro pilar, que \u00e9 a regulariza\u00e7\u00e3o fundi\u00e1ria\u201d, afirmou.<\/p>\n\n\n\n<h2 class=\"wp-block-heading\">Carne brasileira<\/h2>\n\n\n\n<p>Nos pr\u00f3ximos anos, Tereza Cristina ressaltou que um dos grandes desafios \u00e9 colocar o pequeno agricultor na zona produtiva. \u201cHoje&nbsp;existe uma diferen\u00e7a muito grande entre a agricultura comercial e a pequena agricultura, ent\u00e3o essa \u00e9 uma grande preocupa\u00e7\u00e3o nossa \u00e0 frente do minist\u00e9rio\u201d.<\/p>\n\n\n\n<p>A agenda da ministra inclui encontro com o secret\u00e1rio de Agricultura dos Estados Unidos, Sonny Perdue. Entre os temas a serem tratados est\u00e1 a suspens\u00e3o das importa\u00e7\u00f5es de carne bovina brasileira&nbsp;<em>in natura<\/em>&nbsp;pelo pa\u00eds. Segundo o minist\u00e9rio, a ideia \u00e9 esclarecer os questionamentos dos americanos sem a necessidade de nova miss\u00e3o t\u00e9cnica ao Brasil. Outro assunto debatido na viagem \u00e9 a abertura do mercado para o trigo e a coopera\u00e7\u00e3o entre os pa\u00edses do AG-5 (Estados Unidos, Brasil, Canad\u00e1, Argentina e M\u00e9xico).<\/p>\n","protected":false},"excerpt":{"rendered":"<p>A ministra da Agricultura, Pecu\u00e1ria e Abastecimento, Tereza Cristina, apresentou, nessa segunda-feira (18) em Washington, nos Estados Unidos (EUA), sua agenda estrat\u00e9gica para os pr\u00f3ximos&hellip; <\/p>\n","protected":false},"author":1,"featured_media":136545,"comment_status":"closed","ping_status":"closed","sticky":false,"template":"","format":"standard","meta":{"sfsi_plus_gutenberg_text_before_share":"","sfsi_plus_gutenberg_show_text_before_share":"","sfsi_plus_gutenberg_icon_type":"","sfsi_plus_gutenberg_icon_alignemt":"","sfsi_plus_gutenburg_max_per_row":"","footnotes":""},"categories":[2],"tags":[],"class_list":["post-136543","post","type-post","status-publish","format-standard","has-post-thumbnail","hentry","category-geral"],"_links":{"self":[{"href":"https:\/\/www.caririemacao.com\/1\/wp-json\/wp\/v2\/posts\/136543","targetHints":{"allow":["GET"]}}],"collection":[{"href":"https:\/\/www.caririemacao.com\/1\/wp-json\/wp\/v2\/posts"}],"about":[{"href":"https:\/\/www.caririemacao.com\/1\/wp-json\/wp\/v2\/types\/post"}],"author":[{"embeddable":true,"href":"https:\/\/www.caririemacao.com\/1\/wp-json\/wp\/v2\/users\/1"}],"replies":[{"embeddable":true,"href":"https:\/\/www.caririemacao.com\/1\/wp-json\/wp\/v2\/comments?post=136543"}],"version-history":[{"count":1,"href":"https:\/\/www.caririemacao.com\/1\/wp-json\/wp\/v2\/posts\/136543\/revisions"}],"predecessor-version":[{"id":136546,"href":"https:\/\/www.caririemacao.com\/1\/wp-json\/wp\/v2\/posts\/136543\/revisions\/136546"}],"wp:featuredmedia":[{"embeddable":true,"href":"https:\/\/www.caririemacao.com\/1\/wp-json\/wp\/v2\/media\/136545"}],"wp:attachment":[{"href":"https:\/\/www.caririemacao.com\/1\/wp-json\/wp\/v2\/media?parent=136543"}],"wp:term":[{"taxonomy":"category","embeddable":true,"href":"https:\/\/www.caririemacao.com\/1\/wp-json\/wp\/v2\/categories?post=136543"},{"taxonomy":"post_tag","embeddable":true,"href":"https:\/\/www.caririemacao.com\/1\/wp-json\/wp\/v2\/tags?post=136543"}],"curies":[{"name":"wp","href":"https:\/\/api.w.org\/{rel}","templated":true}]}}