{"id":136551,"date":"2019-11-19T07:46:24","date_gmt":"2019-11-19T10:46:24","guid":{"rendered":"http:\/\/www.caririemacao.com\/1\/?p=136551"},"modified":"2019-11-19T07:46:24","modified_gmt":"2019-11-19T10:46:24","slug":"reforma-administrativa-sera-suave-afirma-bolsonaro","status":"publish","type":"post","link":"https:\/\/www.caririemacao.com\/1\/2019\/11\/19\/reforma-administrativa-sera-suave-afirma-bolsonaro\/","title":{"rendered":"Reforma administrativa ser\u00e1 &#8220;suave&#8221;, afirma Bolsonaro"},"content":{"rendered":"\n<p>O presidente Jair Bolsonaro disse hoje (18) que ainda aguarda uma proposta de reforma administrativa da equipe econ\u00f4mica para analisar poss\u00edveis mudan\u00e7as&nbsp;no setor.<\/p>\n\n\n\n<p>Segundo o presidente, qualquer altera\u00e7\u00e3o em regras do servi\u00e7o p\u00fablico, como a revis\u00e3o da estabilidade funcional para novos servidores, como estuda o governo, ser\u00e1 &#8220;a&nbsp;mais suave poss\u00edvel&#8221;.&nbsp;<\/p>\n\n\n\n<p>&#8220;Amanh\u00e3 [19] eu tenho uma reuni\u00e3o cedo, e a previs\u00e3o \u00e9 entregar, pode ser que entregue amanh\u00e3, para eu dar uma olhada. Conversei com Paulo Guedes [hoje] \u00e0 tarde de novo, quero&nbsp;mandar uma proposta a mais suave poss\u00edvel \u2013 essa \u00e9 que \u00e9 a ideia&#8221;, afirmou Bolsonaro a jornalistas na entrada do Pal\u00e1cio do Alvorada, resid\u00eancia oficial, no fim da&nbsp;tarde. O presidente n\u00e3o chegou a informar quando a medida seria apresentada ao Congresso Nacional.&nbsp;<\/p>\n\n\n\n<p>De acordo com o ministro da Economia, Paulo Guedes, que est\u00e1 alinhavando a proposta de reforma administrativa para apresentar ao presidente, os futuros servidores p\u00fablicos n\u00e3o teriam&nbsp;mais estabilidade autom\u00e1tica no cargo. A ideia seria definir um tempo para atingir a estabilidade, de acordo com cada carreira. Al\u00e9m disso, outro objetivo seria reduzir o n\u00famero de carreiras de cerca de 300 para algo em torno de 20 e que os sal\u00e1rios para quem entrar na carreira p\u00fablica passem a ser menores do que s\u00e3o&nbsp;atualmente.<\/p>\n\n\n\n<h2 class=\"wp-block-heading\">Novo partido&nbsp;<\/h2>\n\n\n\n<p>Bolsonaro tamb\u00e9m confirmou que dever\u00e1 assumir a presid\u00eancia da Alian\u00e7a pelo Brasil, partido que o grupo pol\u00edtico do presidente pretende criar. O&nbsp;<a href=\"http:\/\/agenciabrasil.ebc.com.br\/politica\/noticia\/2019-11\/bolsonaro-anuncia-saida-do-psl-e-criacao-da-alianca-pelo-brasil\">an\u00fancio de&nbsp;cria\u00e7\u00e3o&nbsp;<\/a>da nova legenda ocorreu na semana passada.<\/p>\n\n\n\n<p>&#8220;Eu acho que sim [assumirei a presid\u00eancia do partido]&#8221;, disse Bolsonaro a jornalistas. &#8220;Est\u00e1 previsto quinta-feira, dia 21, a gente lan\u00e7ar a pedra fundamental do&nbsp;partido&#8221;, acrescentou o presidente.&nbsp;<\/p>\n","protected":false},"excerpt":{"rendered":"<p>O presidente Jair Bolsonaro disse hoje (18) que ainda aguarda uma proposta de reforma administrativa da equipe econ\u00f4mica para analisar poss\u00edveis mudan\u00e7as&nbsp;no setor. Segundo o&hellip; <\/p>\n","protected":false},"author":1,"featured_media":135566,"comment_status":"closed","ping_status":"closed","sticky":false,"template":"","format":"standard","meta":{"sfsi_plus_gutenberg_text_before_share":"","sfsi_plus_gutenberg_show_text_before_share":"","sfsi_plus_gutenberg_icon_type":"","sfsi_plus_gutenberg_icon_alignemt":"","sfsi_plus_gutenburg_max_per_row":"","footnotes":""},"categories":[11],"tags":[],"class_list":["post-136551","post","type-post","status-publish","format-standard","has-post-thumbnail","hentry","category-politica"],"_links":{"self":[{"href":"https:\/\/www.caririemacao.com\/1\/wp-json\/wp\/v2\/posts\/136551","targetHints":{"allow":["GET"]}}],"collection":[{"href":"https:\/\/www.caririemacao.com\/1\/wp-json\/wp\/v2\/posts"}],"about":[{"href":"https:\/\/www.caririemacao.com\/1\/wp-json\/wp\/v2\/types\/post"}],"author":[{"embeddable":true,"href":"https:\/\/www.caririemacao.com\/1\/wp-json\/wp\/v2\/users\/1"}],"replies":[{"embeddable":true,"href":"https:\/\/www.caririemacao.com\/1\/wp-json\/wp\/v2\/comments?post=136551"}],"version-history":[{"count":1,"href":"https:\/\/www.caririemacao.com\/1\/wp-json\/wp\/v2\/posts\/136551\/revisions"}],"predecessor-version":[{"id":136552,"href":"https:\/\/www.caririemacao.com\/1\/wp-json\/wp\/v2\/posts\/136551\/revisions\/136552"}],"wp:featuredmedia":[{"embeddable":true,"href":"https:\/\/www.caririemacao.com\/1\/wp-json\/wp\/v2\/media\/135566"}],"wp:attachment":[{"href":"https:\/\/www.caririemacao.com\/1\/wp-json\/wp\/v2\/media?parent=136551"}],"wp:term":[{"taxonomy":"category","embeddable":true,"href":"https:\/\/www.caririemacao.com\/1\/wp-json\/wp\/v2\/categories?post=136551"},{"taxonomy":"post_tag","embeddable":true,"href":"https:\/\/www.caririemacao.com\/1\/wp-json\/wp\/v2\/tags?post=136551"}],"curies":[{"name":"wp","href":"https:\/\/api.w.org\/{rel}","templated":true}]}}