{"id":136555,"date":"2019-11-19T07:50:34","date_gmt":"2019-11-19T10:50:34","guid":{"rendered":"http:\/\/www.caririemacao.com\/1\/?p=136555"},"modified":"2019-11-19T07:50:34","modified_gmt":"2019-11-19T10:50:34","slug":"toffoli-revoga-decisao-sobre-acesso-a-relatorios-do-antigo-coaf","status":"publish","type":"post","link":"https:\/\/www.caririemacao.com\/1\/2019\/11\/19\/toffoli-revoga-decisao-sobre-acesso-a-relatorios-do-antigo-coaf\/","title":{"rendered":"Toffoli revoga decis\u00e3o sobre acesso a relat\u00f3rios do antigo Coaf"},"content":{"rendered":"\n<p>O presidente do Supremo Tribunal Federal (STF), Dias Toffoli, revogou hoje (18) parte de sua decis\u00e3o que determinou \u00e0 Unidade de Intelig\u00eancia Financeira (UIF), do Banco Central, antigo Coaf, c\u00f3pia dos relat\u00f3rios de intelig\u00eancia expedidos nos \u00faltimos tr\u00eas anos. A estimativa era de que a decis\u00e3o poderia permitir acesso de dados financeiros de 600 mil pessoas e empresas.<\/p>\n\n\n\n<p>Na despacho, Toffoli disse que tomou a decis\u00e3o ap\u00f3s informa\u00e7\u00f5es prestadas mais cedo pelo procurador-geral da Rep\u00fablica, Augusto Aras, sobre a quest\u00e3o. Segundo o procurador, o Minist\u00e9rio P\u00fablico cumpre a legisla\u00e7\u00e3o no acesso \u00e0s informa\u00e7\u00f5es banc\u00e1rias suspeitas e negou qualquer tipo de &#8220;devassa&#8221; nos dados de cidad\u00e3os.<\/p>\n\n\n\n<p>O caso sobre o trabalho de investiga\u00e7\u00e3o de movimenta\u00e7\u00f5es suspeitas voltou \u00e0 tona porque o STF vai julgar, nesta quarta-feira (20), se mant\u00e9m a decis\u00e3o de Toffoli que, em julho, suspendeu as investiga\u00e7\u00f5es de processos baseados em dados fiscais repassados pelo antigo Conselho de Controle de Atividades Financeiras (COAF), atual UIF.<\/p>\n\n\n\n<p>Nesta tarde, Toffoli reuniu-se com o presidente do Banco Central, Roberto Campos Neto, o advogado-geral da Uni\u00e3o, Andr\u00e9 Mendon\u00e7a, e o procurador Augusto Aras para tratar o julgamento definitivo da quest\u00e3o. Ao deixar a reuni\u00e3o, Campos Neto disse que os envolvidos est\u00e3o tentando &#8220;uma solu\u00e7\u00e3o que atenda a todos&#8221;.&nbsp;<\/p>\n","protected":false},"excerpt":{"rendered":"<p>O presidente do Supremo Tribunal Federal (STF), Dias Toffoli, revogou hoje (18) parte de sua decis\u00e3o que determinou \u00e0 Unidade de Intelig\u00eancia Financeira (UIF), do&hellip; <\/p>\n","protected":false},"author":1,"featured_media":133492,"comment_status":"closed","ping_status":"closed","sticky":false,"template":"","format":"standard","meta":{"sfsi_plus_gutenberg_text_before_share":"","sfsi_plus_gutenberg_show_text_before_share":"","sfsi_plus_gutenberg_icon_type":"","sfsi_plus_gutenberg_icon_alignemt":"","sfsi_plus_gutenburg_max_per_row":"","footnotes":""},"categories":[2],"tags":[],"class_list":["post-136555","post","type-post","status-publish","format-standard","has-post-thumbnail","hentry","category-geral"],"_links":{"self":[{"href":"https:\/\/www.caririemacao.com\/1\/wp-json\/wp\/v2\/posts\/136555","targetHints":{"allow":["GET"]}}],"collection":[{"href":"https:\/\/www.caririemacao.com\/1\/wp-json\/wp\/v2\/posts"}],"about":[{"href":"https:\/\/www.caririemacao.com\/1\/wp-json\/wp\/v2\/types\/post"}],"author":[{"embeddable":true,"href":"https:\/\/www.caririemacao.com\/1\/wp-json\/wp\/v2\/users\/1"}],"replies":[{"embeddable":true,"href":"https:\/\/www.caririemacao.com\/1\/wp-json\/wp\/v2\/comments?post=136555"}],"version-history":[{"count":1,"href":"https:\/\/www.caririemacao.com\/1\/wp-json\/wp\/v2\/posts\/136555\/revisions"}],"predecessor-version":[{"id":136556,"href":"https:\/\/www.caririemacao.com\/1\/wp-json\/wp\/v2\/posts\/136555\/revisions\/136556"}],"wp:featuredmedia":[{"embeddable":true,"href":"https:\/\/www.caririemacao.com\/1\/wp-json\/wp\/v2\/media\/133492"}],"wp:attachment":[{"href":"https:\/\/www.caririemacao.com\/1\/wp-json\/wp\/v2\/media?parent=136555"}],"wp:term":[{"taxonomy":"category","embeddable":true,"href":"https:\/\/www.caririemacao.com\/1\/wp-json\/wp\/v2\/categories?post=136555"},{"taxonomy":"post_tag","embeddable":true,"href":"https:\/\/www.caririemacao.com\/1\/wp-json\/wp\/v2\/tags?post=136555"}],"curies":[{"name":"wp","href":"https:\/\/api.w.org\/{rel}","templated":true}]}}