{"id":136568,"date":"2019-11-19T07:54:36","date_gmt":"2019-11-19T10:54:36","guid":{"rendered":"http:\/\/www.caririemacao.com\/1\/?p=136568"},"modified":"2019-11-19T07:54:36","modified_gmt":"2019-11-19T10:54:36","slug":"crianca-tem-perna-amputada-apos-ser-atingida-por-carro-desgovernado-na-paraiba","status":"publish","type":"post","link":"https:\/\/www.caririemacao.com\/1\/2019\/11\/19\/crianca-tem-perna-amputada-apos-ser-atingida-por-carro-desgovernado-na-paraiba\/","title":{"rendered":"Crian\u00e7a tem perna amputada ap\u00f3s ser atingida por carro desgovernado na Para\u00edba"},"content":{"rendered":"\n<p>ma crian\u00e7a de apenas seis anos de idade foi atingida por um ve\u00edculo desgovernado, na cidade de Mana\u00edra, no Sert\u00e3o paraibano.<\/p>\n\n\n\n<p>A crian\u00e7a estava na cal\u00e7ada de uma resid\u00eancia, quando o ve\u00edculo desgovernado bateu e derrubou parte do im\u00f3vel. Foi quando uma pedra que fazia parte da estrutura da casa caiu sobre a perna da menina.<\/p>\n\n\n\n<p>Inicialmente ela foi levada para o Hospital Regional de Patos, mas foi transferida para o Trauma de Campina Grande devido \u00e0 gravidade dos ferimentos.<\/p>\n\n\n\n<p>Ela j\u00e1 passou por cinco cirurgias entre elas, uma amputa\u00e7\u00e3o de uma das pernas.<br><\/p>\n","protected":false},"excerpt":{"rendered":"<p>ma crian\u00e7a de apenas seis anos de idade foi atingida por um ve\u00edculo desgovernado, na cidade de Mana\u00edra, no Sert\u00e3o paraibano. A crian\u00e7a estava na&hellip; <\/p>\n","protected":false},"author":1,"featured_media":51919,"comment_status":"closed","ping_status":"closed","sticky":false,"template":"","format":"standard","meta":{"sfsi_plus_gutenberg_text_before_share":"","sfsi_plus_gutenberg_show_text_before_share":"","sfsi_plus_gutenberg_icon_type":"","sfsi_plus_gutenberg_icon_alignemt":"","sfsi_plus_gutenburg_max_per_row":"","footnotes":""},"categories":[2],"tags":[],"class_list":["post-136568","post","type-post","status-publish","format-standard","has-post-thumbnail","hentry","category-geral"],"_links":{"self":[{"href":"https:\/\/www.caririemacao.com\/1\/wp-json\/wp\/v2\/posts\/136568","targetHints":{"allow":["GET"]}}],"collection":[{"href":"https:\/\/www.caririemacao.com\/1\/wp-json\/wp\/v2\/posts"}],"about":[{"href":"https:\/\/www.caririemacao.com\/1\/wp-json\/wp\/v2\/types\/post"}],"author":[{"embeddable":true,"href":"https:\/\/www.caririemacao.com\/1\/wp-json\/wp\/v2\/users\/1"}],"replies":[{"embeddable":true,"href":"https:\/\/www.caririemacao.com\/1\/wp-json\/wp\/v2\/comments?post=136568"}],"version-history":[{"count":1,"href":"https:\/\/www.caririemacao.com\/1\/wp-json\/wp\/v2\/posts\/136568\/revisions"}],"predecessor-version":[{"id":136571,"href":"https:\/\/www.caririemacao.com\/1\/wp-json\/wp\/v2\/posts\/136568\/revisions\/136571"}],"wp:featuredmedia":[{"embeddable":true,"href":"https:\/\/www.caririemacao.com\/1\/wp-json\/wp\/v2\/media\/51919"}],"wp:attachment":[{"href":"https:\/\/www.caririemacao.com\/1\/wp-json\/wp\/v2\/media?parent=136568"}],"wp:term":[{"taxonomy":"category","embeddable":true,"href":"https:\/\/www.caririemacao.com\/1\/wp-json\/wp\/v2\/categories?post=136568"},{"taxonomy":"post_tag","embeddable":true,"href":"https:\/\/www.caririemacao.com\/1\/wp-json\/wp\/v2\/tags?post=136568"}],"curies":[{"name":"wp","href":"https:\/\/api.w.org\/{rel}","templated":true}]}}