{"id":136588,"date":"2019-11-19T09:30:04","date_gmt":"2019-11-19T12:30:04","guid":{"rendered":"http:\/\/www.caririemacao.com\/1\/?p=136588"},"modified":"2019-11-19T09:30:04","modified_gmt":"2019-11-19T12:30:04","slug":"adesivo-para-tratamento-de-alzheimer-ja-esta-disponivel-pelo-sus","status":"publish","type":"post","link":"https:\/\/www.caririemacao.com\/1\/2019\/11\/19\/adesivo-para-tratamento-de-alzheimer-ja-esta-disponivel-pelo-sus\/","title":{"rendered":"Adesivo para tratamento de Alzheimer j\u00e1 est\u00e1 dispon\u00edvel pelo SUS"},"content":{"rendered":"\n<p>Uma nova forma de tratamento para o Alzheimer est\u00e1 dispon\u00edvel no SUS. O rem\u00e9dio rivastigmina, j\u00e1 disponibilizado em comprimido e solu\u00e7\u00e3o oral, agora tamb\u00e9m \u00e9 disponibilizado em forma de adesivo transd\u00e9rmico.<\/p>\n\n\n\n<p>A rivastigmina faz com que ocorra um aumento de uma subst\u00e2ncia chamada acetilcolina, que est\u00e1 reduzida no c\u00e9rebro de quem tem Alzheimer, mas a medica\u00e7\u00e3o pode causar sintomas gastrointestinais como n\u00e1useas e diarreia, diminui\u00e7\u00e3o do apetite e dor de cabe\u00e7a.<\/p>\n\n\n\n<p>A adi\u00e7\u00e3o do adesivo \u00e0 lista de rem\u00e9dios do SUS representa uma melhoria na qualidade de vida de alguns pacientes. Por ser colocado na pele, a absor\u00e7\u00e3o do rem\u00e9dio se d\u00e1 ao longo do dia e por isso tem menos efeitos colaterais, especialmente no sistema digestivo.<\/p>\n\n\n\n<p>Segundo Rodrigo Schultz, presidente da Associa\u00e7\u00e3o Brasileira de Alzheimer, o adesivo tamb\u00e9m garante que n\u00e3o haja flutua\u00e7\u00e3o da dose: &#8220;Sendo por via transd\u00e9rmica, h\u00e1 uma libera\u00e7\u00e3o cont\u00ednua e regular ao longo das 24h, impedindo a ocorr\u00eancia de flutua\u00e7\u00e3o de dose, ou seja, aumentos e redu\u00e7\u00f5es da medica\u00e7\u00e3o no organismo conforme ela segue sendo metabolizada.&#8221;<\/p>\n\n\n\n<p>Al\u00e9m disso, de acordo com Schultz, muito pacientes se recusam a fazer uso de rem\u00e9dios via oral e muitas vezes tiram o medicamento da pr\u00f3pria boca ap\u00f3s a administra\u00e7\u00e3o.<\/p>\n","protected":false},"excerpt":{"rendered":"<p>Uma nova forma de tratamento para o Alzheimer est\u00e1 dispon\u00edvel no SUS. O rem\u00e9dio rivastigmina, j\u00e1 disponibilizado em comprimido e solu\u00e7\u00e3o oral, agora tamb\u00e9m \u00e9&hellip; <\/p>\n","protected":false},"author":1,"featured_media":136590,"comment_status":"closed","ping_status":"closed","sticky":false,"template":"","format":"standard","meta":{"sfsi_plus_gutenberg_text_before_share":"","sfsi_plus_gutenberg_show_text_before_share":"","sfsi_plus_gutenberg_icon_type":"","sfsi_plus_gutenberg_icon_alignemt":"","sfsi_plus_gutenburg_max_per_row":"","footnotes":""},"categories":[16],"tags":[],"class_list":["post-136588","post","type-post","status-publish","format-standard","has-post-thumbnail","hentry","category-saude"],"_links":{"self":[{"href":"https:\/\/www.caririemacao.com\/1\/wp-json\/wp\/v2\/posts\/136588","targetHints":{"allow":["GET"]}}],"collection":[{"href":"https:\/\/www.caririemacao.com\/1\/wp-json\/wp\/v2\/posts"}],"about":[{"href":"https:\/\/www.caririemacao.com\/1\/wp-json\/wp\/v2\/types\/post"}],"author":[{"embeddable":true,"href":"https:\/\/www.caririemacao.com\/1\/wp-json\/wp\/v2\/users\/1"}],"replies":[{"embeddable":true,"href":"https:\/\/www.caririemacao.com\/1\/wp-json\/wp\/v2\/comments?post=136588"}],"version-history":[{"count":1,"href":"https:\/\/www.caririemacao.com\/1\/wp-json\/wp\/v2\/posts\/136588\/revisions"}],"predecessor-version":[{"id":136591,"href":"https:\/\/www.caririemacao.com\/1\/wp-json\/wp\/v2\/posts\/136588\/revisions\/136591"}],"wp:featuredmedia":[{"embeddable":true,"href":"https:\/\/www.caririemacao.com\/1\/wp-json\/wp\/v2\/media\/136590"}],"wp:attachment":[{"href":"https:\/\/www.caririemacao.com\/1\/wp-json\/wp\/v2\/media?parent=136588"}],"wp:term":[{"taxonomy":"category","embeddable":true,"href":"https:\/\/www.caririemacao.com\/1\/wp-json\/wp\/v2\/categories?post=136588"},{"taxonomy":"post_tag","embeddable":true,"href":"https:\/\/www.caririemacao.com\/1\/wp-json\/wp\/v2\/tags?post=136588"}],"curies":[{"name":"wp","href":"https:\/\/api.w.org\/{rel}","templated":true}]}}