{"id":136596,"date":"2019-11-19T09:33:42","date_gmt":"2019-11-19T12:33:42","guid":{"rendered":"http:\/\/www.caririemacao.com\/1\/?p=136596"},"modified":"2019-11-19T09:33:42","modified_gmt":"2019-11-19T12:33:42","slug":"inquerito-da-policia-civil-aponta-que-pm-causou-morte-da-menina-agatha","status":"publish","type":"post","link":"https:\/\/www.caririemacao.com\/1\/2019\/11\/19\/inquerito-da-policia-civil-aponta-que-pm-causou-morte-da-menina-agatha\/","title":{"rendered":"Inqu\u00e9rito da Pol\u00edcia Civil aponta que PM causou morte da menina \u00c1gatha"},"content":{"rendered":"\n<p>Partiu da arma de um cabo da Pol\u00edcia Militar o disparo que, dois meses atr\u00e1s, provocou a morte da estudante \u00c1gatha Vit\u00f3ria Sales F\u00e9lix, de 8 anos, no Morro da Fazendinha, no Complexo do Alem\u00e3o. A informa\u00e7\u00e3o consta do inqu\u00e9rito da Pol\u00edcia Civil sobre o caso, que deve ser enviado nesta ter\u00e7a-feira \u00e0 Justi\u00e7a.<\/p>\n\n\n\n<p>De acordo com o documento, houve um \u201cerro de execu\u00e7\u00e3o\u201d: o objetivo n\u00e3o era atingir a crian\u00e7a, mas dar um \u201ctiro de advert\u00eancia\u201d para for\u00e7ar a parada de dois homens que estavam em uma motocicleta.<\/p>\n\n\n\n<p>A dupla teria fugido de uma blitz no complexo. Em seguida, o PM, lotado na Unidade de Pol\u00edcia Pacificadora (UPP) da Fazendinha, efetuou o disparo. Segundo relatos de testemunhas inclu\u00eddos no inqu\u00e9rito, o cabo estava sob forte tens\u00e3o devido \u00e0 morte de um colega tr\u00eas dias antes e, por isso, pode ter confundido uma esquadria de alum\u00ednio que o garupa segurava com uma arma.<\/p>\n\n\n\n<p>Nesta segunda-feira, o delegado Daniel Rosa, titular da DH, n\u00e3o quis comentar o caso. Segundo ele, a Pol\u00edcia Civil apresentar\u00e1 nesta ter\u00e7a-feira o resultado completo de toda a investiga\u00e7\u00e3o.<\/p>\n\n\n\n<p>Mais de 20 pessoas foram ouvidas no inqu\u00e9rito, incluindo os pais de \u00c1gatha, o motorista da Kombi na qual ela estava com a m\u00e3e, no momento em que foi atingida, outras testemunhas e PMs. A Pol\u00edcia Civil n\u00e3o informou se o respons\u00e1vel pelo disparo ser\u00e1 enquadrado em algum crime.<\/p>\n\n\n\n<p>Al\u00e9m da DH, a Coordenadoria de Pol\u00edcia Pacificadora (CPP) tamb\u00e9m apura o caso. A PM n\u00e3o informou se j\u00e1 existe um resultado para essa investiga\u00e7\u00e3o.<\/p>\n\n\n\n<p><strong>M\u00e3e segue na luta por justi\u00e7a<\/strong><\/p>\n\n\n\n<p>No \u00faltimo dia 5, Vanessa Francisco Sales, de 32, m\u00e3e da menina, esteve na DH da capital e cobrou respostas para a morte da filha. Segundo um advogado da fam\u00edlia, foi impedido o acesso deles \u00e0s informa\u00e7\u00f5es da investiga\u00e7\u00e3o, sob a alega\u00e7\u00e3o de que o inqu\u00e9rito foi conduzido sob segredo de Justi\u00e7a. Na \u00e9poca, o procurador da Comiss\u00e3o de Direitos Humanos da OAB-RJ, Rodrigo Mondego, chegou a criticar a postura dos investigadores do caso.<\/p>\n\n\n\n<p>\u2014 A gente n\u00e3o tem acesso ao caso porque est\u00e1 sigiloso. At\u00e9 quando vai estar? Quando vai sair essa resposta? At\u00e9 quando? \u2014 questionou Vanessa, muito emocionada: \u2014 No dia em que eles (os policiais civis) conversaram comigo disseram que iam fazer o poss\u00edvel para 30 dias (conclu\u00edrem a investiga\u00e7\u00e3o). \u00c9 claro que como ele disse (o delegado), ningu\u00e9m tem prioridade. Mas eu como m\u00e3e quero uma resposta.<\/p>\n\n\n\n<p>Vanessa pediu que os culpados sejam punidos.<\/p>\n","protected":false},"excerpt":{"rendered":"<p>Partiu da arma de um cabo da Pol\u00edcia Militar o disparo que, dois meses atr\u00e1s, provocou a morte da estudante \u00c1gatha Vit\u00f3ria Sales F\u00e9lix, de&hellip; <\/p>\n","protected":false},"author":1,"featured_media":136598,"comment_status":"closed","ping_status":"closed","sticky":false,"template":"","format":"standard","meta":{"sfsi_plus_gutenberg_text_before_share":"","sfsi_plus_gutenberg_show_text_before_share":"","sfsi_plus_gutenberg_icon_type":"","sfsi_plus_gutenberg_icon_alignemt":"","sfsi_plus_gutenburg_max_per_row":"","footnotes":""},"categories":[12],"tags":[],"class_list":["post-136596","post","type-post","status-publish","format-standard","has-post-thumbnail","hentry","category-policia"],"_links":{"self":[{"href":"https:\/\/www.caririemacao.com\/1\/wp-json\/wp\/v2\/posts\/136596","targetHints":{"allow":["GET"]}}],"collection":[{"href":"https:\/\/www.caririemacao.com\/1\/wp-json\/wp\/v2\/posts"}],"about":[{"href":"https:\/\/www.caririemacao.com\/1\/wp-json\/wp\/v2\/types\/post"}],"author":[{"embeddable":true,"href":"https:\/\/www.caririemacao.com\/1\/wp-json\/wp\/v2\/users\/1"}],"replies":[{"embeddable":true,"href":"https:\/\/www.caririemacao.com\/1\/wp-json\/wp\/v2\/comments?post=136596"}],"version-history":[{"count":1,"href":"https:\/\/www.caririemacao.com\/1\/wp-json\/wp\/v2\/posts\/136596\/revisions"}],"predecessor-version":[{"id":136599,"href":"https:\/\/www.caririemacao.com\/1\/wp-json\/wp\/v2\/posts\/136596\/revisions\/136599"}],"wp:featuredmedia":[{"embeddable":true,"href":"https:\/\/www.caririemacao.com\/1\/wp-json\/wp\/v2\/media\/136598"}],"wp:attachment":[{"href":"https:\/\/www.caririemacao.com\/1\/wp-json\/wp\/v2\/media?parent=136596"}],"wp:term":[{"taxonomy":"category","embeddable":true,"href":"https:\/\/www.caririemacao.com\/1\/wp-json\/wp\/v2\/categories?post=136596"},{"taxonomy":"post_tag","embeddable":true,"href":"https:\/\/www.caririemacao.com\/1\/wp-json\/wp\/v2\/tags?post=136596"}],"curies":[{"name":"wp","href":"https:\/\/api.w.org\/{rel}","templated":true}]}}