{"id":136604,"date":"2019-11-19T10:12:38","date_gmt":"2019-11-19T13:12:38","guid":{"rendered":"http:\/\/www.caririemacao.com\/1\/?p=136604"},"modified":"2019-11-19T10:12:38","modified_gmt":"2019-11-19T13:12:38","slug":"homem-cai-nos-trilhos-do-metro-e-maquinista-consegue-parar-o-trem-a-tempo","status":"publish","type":"post","link":"https:\/\/www.caririemacao.com\/1\/2019\/11\/19\/homem-cai-nos-trilhos-do-metro-e-maquinista-consegue-parar-o-trem-a-tempo\/","title":{"rendered":"Homem cai nos trilhos do Metr\u00f4 e maquinista consegue parar o trem a tempo"},"content":{"rendered":"\n<p>Um homem de 37 anos, cuja identidade n\u00e3o foi divulgada, caiu nos trilhos da esta\u00e7\u00e3o S\u00e3o Joaquim da Linha 1-Azul do Metr\u00f4, em S\u00e3o Paulo, na manh\u00e3 deste domingo (17). A maquinista conseguiu perceber e frear a composi\u00e7\u00e3o a tempo, evitando o atropelamento.<\/p>\n\n\n\n<p>Segundo informa\u00e7\u00f5es do Metr\u00f4, a queda aconteceu no sentido Tucuruvi. Algumas pessoas que estavam na plataforma ficaram assustadas e tentaram acordar o homem ca\u00eddo nos trilhos, sem sucesso. O desespero ficou ainda maior, quando perceberam a luz dos far\u00f3is da composi\u00e7\u00e3o se aproximando.<\/p>\n\n\n\n<figure><iframe data-src=\"https:\/\/www.youtube.com\/embed\/YysRoqsFiuI\" allowfullscreen=\"\" src=\"data:image\/svg+xml;base64,PHN2ZyB3aWR0aD0iMSIgaGVpZ2h0PSIxIiB4bWxucz0iaHR0cDovL3d3dy53My5vcmcvMjAwMC9zdmciPjwvc3ZnPg==\" class=\"lazyload\" data-load-mode=\"1\"><\/iframe><\/figure>\n\n\n\n<p>A maquinista acabou parando o ve\u00edculo alguns metros acima da v\u00edtima. De acordo com o Metr\u00f4, o homem foi retirado da via com aux\u00edlio dos funcion\u00e1rios da esta\u00e7\u00e3o com um pequeno ferimento na cabe\u00e7a. Ele foi encaminhado ao Pronto-Socorro Vergueiro.<\/p>\n\n\n\n<p>O Metr\u00f4 informou que n\u00e3o sabe o motivo da queda. Segundo relato de testemunhas, o homem teria desmaiado.<\/p>\n\n\n\n<p>A queda n\u00e3o afetou o funcionamento da linha, pois no domingo os intervalos entre os trens s\u00e3o maiores. A opera\u00e7\u00e3o de socorro \u00e0 v\u00edtima durou cerca de nove minutos.<\/p>\n","protected":false},"excerpt":{"rendered":"<p>Um homem de 37 anos, cuja identidade n\u00e3o foi divulgada, caiu nos trilhos da esta\u00e7\u00e3o S\u00e3o Joaquim da Linha 1-Azul do Metr\u00f4, em S\u00e3o Paulo,&hellip; <\/p>\n","protected":false},"author":1,"featured_media":136606,"comment_status":"closed","ping_status":"closed","sticky":false,"template":"","format":"standard","meta":{"sfsi_plus_gutenberg_text_before_share":"","sfsi_plus_gutenberg_show_text_before_share":"","sfsi_plus_gutenberg_icon_type":"","sfsi_plus_gutenberg_icon_alignemt":"","sfsi_plus_gutenburg_max_per_row":"","footnotes":""},"categories":[2],"tags":[],"class_list":["post-136604","post","type-post","status-publish","format-standard","has-post-thumbnail","hentry","category-geral"],"_links":{"self":[{"href":"https:\/\/www.caririemacao.com\/1\/wp-json\/wp\/v2\/posts\/136604","targetHints":{"allow":["GET"]}}],"collection":[{"href":"https:\/\/www.caririemacao.com\/1\/wp-json\/wp\/v2\/posts"}],"about":[{"href":"https:\/\/www.caririemacao.com\/1\/wp-json\/wp\/v2\/types\/post"}],"author":[{"embeddable":true,"href":"https:\/\/www.caririemacao.com\/1\/wp-json\/wp\/v2\/users\/1"}],"replies":[{"embeddable":true,"href":"https:\/\/www.caririemacao.com\/1\/wp-json\/wp\/v2\/comments?post=136604"}],"version-history":[{"count":1,"href":"https:\/\/www.caririemacao.com\/1\/wp-json\/wp\/v2\/posts\/136604\/revisions"}],"predecessor-version":[{"id":136607,"href":"https:\/\/www.caririemacao.com\/1\/wp-json\/wp\/v2\/posts\/136604\/revisions\/136607"}],"wp:featuredmedia":[{"embeddable":true,"href":"https:\/\/www.caririemacao.com\/1\/wp-json\/wp\/v2\/media\/136606"}],"wp:attachment":[{"href":"https:\/\/www.caririemacao.com\/1\/wp-json\/wp\/v2\/media?parent=136604"}],"wp:term":[{"taxonomy":"category","embeddable":true,"href":"https:\/\/www.caririemacao.com\/1\/wp-json\/wp\/v2\/categories?post=136604"},{"taxonomy":"post_tag","embeddable":true,"href":"https:\/\/www.caririemacao.com\/1\/wp-json\/wp\/v2\/tags?post=136604"}],"curies":[{"name":"wp","href":"https:\/\/api.w.org\/{rel}","templated":true}]}}