{"id":136614,"date":"2019-11-19T10:14:31","date_gmt":"2019-11-19T13:14:31","guid":{"rendered":"http:\/\/www.caririemacao.com\/1\/?p=136614"},"modified":"2019-11-19T10:14:31","modified_gmt":"2019-11-19T13:14:31","slug":"mais-de-tres-milhoes-buscam-emprego-ha-mais-de-2-anos-diz-ibge","status":"publish","type":"post","link":"https:\/\/www.caririemacao.com\/1\/2019\/11\/19\/mais-de-tres-milhoes-buscam-emprego-ha-mais-de-2-anos-diz-ibge\/","title":{"rendered":"Mais de tr\u00eas milh\u00f5es buscam emprego h\u00e1 mais de 2 anos, diz IBGE"},"content":{"rendered":"\n<p>Cerca de 3,2 milh\u00f5es de pessoas est\u00e3o \u00e0 procura de emprego h\u00e1 dois anos ou mais no Brasil. Segundo dados da Pesquisa Nacional por Amostra de Domic\u00edlios \u2013 Cont\u00ednua (Pnad Cont\u00ednua), divulgada&nbsp;hoje&nbsp;(19) pelo Instituto Brasileiro de Geografia e Estat\u00edstica (IBGE), isso representa 25,2% dos 12,5 milh\u00f5es de desocupados do pa\u00eds.<\/p>\n\n\n\n<p>Ainda segundo o IBGE, cerca de 1,8 milh\u00e3o, ou 7,1% dos desocupados, estavam h\u00e1 menos de um m\u00eas procurando emprego. A taxa de desemprego no pa\u00eds no terceiro trimestre deste ano, divulgada no fim&nbsp;de outubro, ficou em 11,8%, abaixo dos 12% registrados no segundo trimestre.<\/p>\n\n\n\n<p>A Pnad-Cont\u00ednua divulgada&nbsp;hoje&nbsp;trouxe ainda dados sobre taxa de desemprego dos estados. O estado de S\u00e3o Paulo foi o \u00fanico a apresentar queda na taxa de desemprego do segundo para o terceiro trimestre deste ano. A taxa recuou de 12,8% para 12% no per\u00edodo em S\u00e3o Paulo.<\/p>\n\n\n\n<p>Segundo a pesquisadora da IBGE, Adriana Beringuy, a queda ocorreu devido \u00e0 redu\u00e7\u00e3o do n\u00famero de desempregados e n\u00e3o em fun\u00e7\u00e3o do aumento da ocupa\u00e7\u00e3o.<\/p>\n\n\n\n<p>J\u00e1 Rond\u00f4nia foi o \u00fanico estado com alta na taxa de desemprego, ao passar de 6,7% para 8,2%. As outras 25 unidades da federa\u00e7\u00e3o tiveram estabilidade na taxa, de acordo com os dados do IBGE.<\/p>\n\n\n\n<p>As maiores taxas foram observadas nos estados da Bahia (16,8%), Amap\u00e1 (16,7%) e Pernambuco (15,8%). J\u00e1 os menores n\u00edveis foram registrados em Santa Catarina (5,8%), Mato Grosso do Sul (7,5%) e Mato Grosso (8%).<\/p>\n\n\n\n<p>Na compara\u00e7\u00e3o com o terceiro trimestre do ano passado, houve altas em Goi\u00e1s (que passou de 8,9% para 10,8%) e Mato Grosso (de 6,7% para 8%). Tr\u00eas estados tiveram queda neste tipo de compara\u00e7\u00e3o: S\u00e3o Paulo (13,1% para 12%), Alagoas (de 17,1% para 15,4%) e Sergipe (17,5% para 14,7%).<\/p>\n\n\n\n<p>A taxa composta de subutiliza\u00e7\u00e3o da for\u00e7a de trabalho (percentual de pessoas desocupadas ou subocupadas por insufici\u00eancia de horas trabalhadas)&nbsp;foi de 24% no pa\u00eds. Maranh\u00e3o (41,6%) e Piau\u00ed (41,1%) apresentam estimativas acima de 40%.<\/p>\n\n\n\n<p>Por outro lado, as menores taxas foram observadas em Santa Catarina (10,6%), Mato Grosso (14,7%), Rio Grande do Sul (16,3%) e Mato Grosso do Sul (16,3%).<\/p>\n\n\n\n<h2 class=\"wp-block-heading\">Desalentados<\/h2>\n\n\n\n<p>O n\u00famero de desalentados (pessoas que&nbsp;desistiram de procurar emprego)&nbsp;foi de 4,7 milh\u00f5es de pessoas no terceiro trimestre. Os maiores contingentes estavam na Bahia (781 mil) e no Maranh\u00e3o (592 mil) e os menores em Roraima (17 mil) e Amap\u00e1 (19 mil).<\/p>\n\n\n\n<p>O percentual de pessoas desalentadas foi de 4,2%. Os maiores percentuais estavam no Maranh\u00e3o (18,3%) e Alagoas (16,5%) e os menores em Santa Catarina (1,1%), Rio Grande do Sul (1,3%) e Distrito Federal (1,3%).<\/p>\n\n\n\n<h2 class=\"wp-block-heading\">Empregos formais<\/h2>\n\n\n\n<p>Santa Catarina tinha o maior percentual de empregados com carteira assinada (87,7%). J\u00e1 o menor percentual estava no Maranh\u00e3o (49,9%).<\/p>\n\n\n\n<p>As unidades da federa\u00e7\u00e3o com maior percentual de trabalhadores sem carteira de trabalho assinada no setor privado foram Maranh\u00e3o (50,1%), Par\u00e1 (49,9%) e Piau\u00ed (49,9%). As menores taxas foram observadas no Rio Grande do Sul (18,1%) e Santa Catarina (12,3%).<\/p>\n","protected":false},"excerpt":{"rendered":"<p>Cerca de 3,2 milh\u00f5es de pessoas est\u00e3o \u00e0 procura de emprego h\u00e1 dois anos ou mais no Brasil. Segundo dados da Pesquisa Nacional por Amostra&hellip; <\/p>\n","protected":false},"author":1,"featured_media":78695,"comment_status":"closed","ping_status":"closed","sticky":false,"template":"","format":"standard","meta":{"sfsi_plus_gutenberg_text_before_share":"","sfsi_plus_gutenberg_show_text_before_share":"","sfsi_plus_gutenberg_icon_type":"","sfsi_plus_gutenberg_icon_alignemt":"","sfsi_plus_gutenburg_max_per_row":"","footnotes":""},"categories":[2],"tags":[],"class_list":["post-136614","post","type-post","status-publish","format-standard","has-post-thumbnail","hentry","category-geral"],"_links":{"self":[{"href":"https:\/\/www.caririemacao.com\/1\/wp-json\/wp\/v2\/posts\/136614","targetHints":{"allow":["GET"]}}],"collection":[{"href":"https:\/\/www.caririemacao.com\/1\/wp-json\/wp\/v2\/posts"}],"about":[{"href":"https:\/\/www.caririemacao.com\/1\/wp-json\/wp\/v2\/types\/post"}],"author":[{"embeddable":true,"href":"https:\/\/www.caririemacao.com\/1\/wp-json\/wp\/v2\/users\/1"}],"replies":[{"embeddable":true,"href":"https:\/\/www.caririemacao.com\/1\/wp-json\/wp\/v2\/comments?post=136614"}],"version-history":[{"count":1,"href":"https:\/\/www.caririemacao.com\/1\/wp-json\/wp\/v2\/posts\/136614\/revisions"}],"predecessor-version":[{"id":136616,"href":"https:\/\/www.caririemacao.com\/1\/wp-json\/wp\/v2\/posts\/136614\/revisions\/136616"}],"wp:featuredmedia":[{"embeddable":true,"href":"https:\/\/www.caririemacao.com\/1\/wp-json\/wp\/v2\/media\/78695"}],"wp:attachment":[{"href":"https:\/\/www.caririemacao.com\/1\/wp-json\/wp\/v2\/media?parent=136614"}],"wp:term":[{"taxonomy":"category","embeddable":true,"href":"https:\/\/www.caririemacao.com\/1\/wp-json\/wp\/v2\/categories?post=136614"},{"taxonomy":"post_tag","embeddable":true,"href":"https:\/\/www.caririemacao.com\/1\/wp-json\/wp\/v2\/tags?post=136614"}],"curies":[{"name":"wp","href":"https:\/\/api.w.org\/{rel}","templated":true}]}}