{"id":136629,"date":"2019-11-19T10:49:55","date_gmt":"2019-11-19T13:49:55","guid":{"rendered":"http:\/\/www.caririemacao.com\/1\/?p=136629"},"modified":"2019-11-19T10:49:55","modified_gmt":"2019-11-19T13:49:55","slug":"urgente-gravida-sofre-acidente-em-monteiro","status":"publish","type":"post","link":"https:\/\/www.caririemacao.com\/1\/2019\/11\/19\/urgente-gravida-sofre-acidente-em-monteiro\/","title":{"rendered":"URGENTE: Gr\u00e1vida sofre acidente em Monteiro"},"content":{"rendered":"\n<p>Foi registrada na manh\u00e3 desta ter\u00e7a-feira, dia 19, grave\nacidente envolvendo um carro e uma moto.&nbsp;\nO acidente aconteceu em frente ao IFPB, em Monteiro.<\/p>\n\n\n\n<p>Na moto estava moto gravida que acabou batendo na traseira\nde um carro. A batida foi t\u00e3o forte que arremessou a mulher longe. Segundo um\npopular que estava no local, o beb\u00ea estava se contorcendo na barriga dela e de repente\nparou de mexer. A mulher ficou desesperada.<\/p>\n\n\n\n<p>H\u00e1 informa\u00e7\u00f5es de que o motorista do carro n\u00e3o tinha dado sinal\ne acabou ocasionando o acidente.<\/p>\n","protected":false},"excerpt":{"rendered":"<p>Foi registrada na manh\u00e3 desta ter\u00e7a-feira, dia 19, grave acidente envolvendo um carro e uma moto.&nbsp; O acidente aconteceu em frente ao IFPB, em Monteiro.&hellip; <\/p>\n","protected":false},"author":2,"featured_media":136630,"comment_status":"closed","ping_status":"closed","sticky":false,"template":"","format":"standard","meta":{"sfsi_plus_gutenberg_text_before_share":"","sfsi_plus_gutenberg_show_text_before_share":"","sfsi_plus_gutenberg_icon_type":"","sfsi_plus_gutenberg_icon_alignemt":"","sfsi_plus_gutenburg_max_per_row":"","footnotes":""},"categories":[50,12],"tags":[],"class_list":["post-136629","post","type-post","status-publish","format-standard","has-post-thumbnail","hentry","category-destaque","category-policia"],"_links":{"self":[{"href":"https:\/\/www.caririemacao.com\/1\/wp-json\/wp\/v2\/posts\/136629","targetHints":{"allow":["GET"]}}],"collection":[{"href":"https:\/\/www.caririemacao.com\/1\/wp-json\/wp\/v2\/posts"}],"about":[{"href":"https:\/\/www.caririemacao.com\/1\/wp-json\/wp\/v2\/types\/post"}],"author":[{"embeddable":true,"href":"https:\/\/www.caririemacao.com\/1\/wp-json\/wp\/v2\/users\/2"}],"replies":[{"embeddable":true,"href":"https:\/\/www.caririemacao.com\/1\/wp-json\/wp\/v2\/comments?post=136629"}],"version-history":[{"count":1,"href":"https:\/\/www.caririemacao.com\/1\/wp-json\/wp\/v2\/posts\/136629\/revisions"}],"predecessor-version":[{"id":136631,"href":"https:\/\/www.caririemacao.com\/1\/wp-json\/wp\/v2\/posts\/136629\/revisions\/136631"}],"wp:featuredmedia":[{"embeddable":true,"href":"https:\/\/www.caririemacao.com\/1\/wp-json\/wp\/v2\/media\/136630"}],"wp:attachment":[{"href":"https:\/\/www.caririemacao.com\/1\/wp-json\/wp\/v2\/media?parent=136629"}],"wp:term":[{"taxonomy":"category","embeddable":true,"href":"https:\/\/www.caririemacao.com\/1\/wp-json\/wp\/v2\/categories?post=136629"},{"taxonomy":"post_tag","embeddable":true,"href":"https:\/\/www.caririemacao.com\/1\/wp-json\/wp\/v2\/tags?post=136629"}],"curies":[{"name":"wp","href":"https:\/\/api.w.org\/{rel}","templated":true}]}}