{"id":136632,"date":"2019-11-19T13:07:46","date_gmt":"2019-11-19T16:07:46","guid":{"rendered":"http:\/\/www.caririemacao.com\/1\/?p=136632"},"modified":"2019-11-19T13:07:46","modified_gmt":"2019-11-19T16:07:46","slug":"aluno-serra-branquense-concorre-na-6a-olimpiada-nacional-de-lingua-portuguesa","status":"publish","type":"post","link":"https:\/\/www.caririemacao.com\/1\/2019\/11\/19\/aluno-serra-branquense-concorre-na-6a-olimpiada-nacional-de-lingua-portuguesa\/","title":{"rendered":"Aluno serra-branquense concorre na 6\u00aa Olimp\u00edada Nacional de L\u00edngua Portuguesa"},"content":{"rendered":"\n<p>A Escola Estadual Senador Jos\u00e9 Gaud\u00eancio est\u00e1 presente na etapa semifinal da 6\u00aa Olimp\u00edada Nacional de L\u00edngua Portuguesa, com o estudante Iz\u00eanio de Souza Melo e com a sua respectiva orientadora, a Professora Maria do Socorro Albuquerque, que est\u00e3o em S\u00e3o Paulo desde o dia 17 de novembro.<\/p>\n\n\n\n<p>A Olimp\u00edada Nacional de L\u00edngua Portuguesa \u00e9 uma a\u00e7\u00e3o do programa Escrevendo o Futuro, uma iniciativa da Funda\u00e7\u00e3o Ita\u00fa Social em parceria com o Minist\u00e9rio da Educa\u00e7\u00e3o. Iz\u00eanio j\u00e1 superou diversas etapas e est\u00e1 participando das \u00faltimas atividades do concurso na certeza de que j\u00e1 chegou mais longe at\u00e9 do que esperava.<\/p>\n\n\n\n<p>\u201cEstou de alma leve e tentando encarar o desafio sem press\u00e3o. O resultado que alcan\u00e7ar para mim j\u00e1 ser\u00e1 uma vit\u00f3ria\u201d, afirmou o estudante. O tema das produ\u00e7\u00f5es feitas pelos estudantes concorrentes \u00e9 \u2018O lugar onde vivo\u2019, que propicia aos alunos estreitar v\u00ednculos com a comunidade e aprofundar o conhecimento sobre a realidade local, contribuindo para o desenvolvimento de sua cidadania.<\/p>\n\n\n\n<p>Para a Professora Gracinha Antonino: \u201cCom a participa\u00e7\u00e3o de Iz\u00eanio na 6\u00aa edi\u00e7\u00e3o da Olimp\u00edada de L\u00edngua Portuguesa e de Socorro Albuquerque como professora orientadora, a Escola Estadual Senador Jos\u00e9 Gaud\u00eancio mant\u00e9m a boa tradi\u00e7\u00e3o de representar Serra Branca em eventos regionais e nacionais de educa\u00e7\u00e3o\u201d.<\/p>\n","protected":false},"excerpt":{"rendered":"<p>A Escola Estadual Senador Jos\u00e9 Gaud\u00eancio est\u00e1 presente na etapa semifinal da 6\u00aa Olimp\u00edada Nacional de L\u00edngua Portuguesa, com o estudante Iz\u00eanio de Souza Melo&hellip; <\/p>\n","protected":false},"author":1,"featured_media":136634,"comment_status":"closed","ping_status":"closed","sticky":false,"template":"","format":"standard","meta":{"sfsi_plus_gutenberg_text_before_share":"","sfsi_plus_gutenberg_show_text_before_share":"","sfsi_plus_gutenberg_icon_type":"","sfsi_plus_gutenberg_icon_alignemt":"","sfsi_plus_gutenburg_max_per_row":"","footnotes":""},"categories":[50,2],"tags":[],"class_list":["post-136632","post","type-post","status-publish","format-standard","has-post-thumbnail","hentry","category-destaque","category-geral"],"_links":{"self":[{"href":"https:\/\/www.caririemacao.com\/1\/wp-json\/wp\/v2\/posts\/136632","targetHints":{"allow":["GET"]}}],"collection":[{"href":"https:\/\/www.caririemacao.com\/1\/wp-json\/wp\/v2\/posts"}],"about":[{"href":"https:\/\/www.caririemacao.com\/1\/wp-json\/wp\/v2\/types\/post"}],"author":[{"embeddable":true,"href":"https:\/\/www.caririemacao.com\/1\/wp-json\/wp\/v2\/users\/1"}],"replies":[{"embeddable":true,"href":"https:\/\/www.caririemacao.com\/1\/wp-json\/wp\/v2\/comments?post=136632"}],"version-history":[{"count":1,"href":"https:\/\/www.caririemacao.com\/1\/wp-json\/wp\/v2\/posts\/136632\/revisions"}],"predecessor-version":[{"id":136635,"href":"https:\/\/www.caririemacao.com\/1\/wp-json\/wp\/v2\/posts\/136632\/revisions\/136635"}],"wp:featuredmedia":[{"embeddable":true,"href":"https:\/\/www.caririemacao.com\/1\/wp-json\/wp\/v2\/media\/136634"}],"wp:attachment":[{"href":"https:\/\/www.caririemacao.com\/1\/wp-json\/wp\/v2\/media?parent=136632"}],"wp:term":[{"taxonomy":"category","embeddable":true,"href":"https:\/\/www.caririemacao.com\/1\/wp-json\/wp\/v2\/categories?post=136632"},{"taxonomy":"post_tag","embeddable":true,"href":"https:\/\/www.caririemacao.com\/1\/wp-json\/wp\/v2\/tags?post=136632"}],"curies":[{"name":"wp","href":"https:\/\/api.w.org\/{rel}","templated":true}]}}