{"id":136638,"date":"2019-11-19T13:12:20","date_gmt":"2019-11-19T16:12:20","guid":{"rendered":"http:\/\/www.caririemacao.com\/1\/?p=136638"},"modified":"2019-11-19T13:12:20","modified_gmt":"2019-11-19T16:12:20","slug":"prefeitura-de-sume-realiza-acoes-alusivas-ao-novembro-azul","status":"publish","type":"post","link":"https:\/\/www.caririemacao.com\/1\/2019\/11\/19\/prefeitura-de-sume-realiza-acoes-alusivas-ao-novembro-azul\/","title":{"rendered":"Prefeitura de Sum\u00e9 realiza a\u00e7\u00f5es alusivas ao Novembro Azul"},"content":{"rendered":"\n<figure class=\"wp-block-image\"><img decoding=\"async\" data-src=\"https:\/\/lh6.googleusercontent.com\/proxy\/Bto3jxAWUMxl7AO66MiUqSQCip5yxoulXUry0oenHy1kQjfJOiTYCH2OgpukTlpqG7ObzYD6P_lBdlemb7EwxKBg4vnKhi5mQazit3MiqtNHFVyBGg=s0-d\" alt=\"\" src=\"data:image\/svg+xml;base64,PHN2ZyB3aWR0aD0iMSIgaGVpZ2h0PSIxIiB4bWxucz0iaHR0cDovL3d3dy53My5vcmcvMjAwMC9zdmciPjwvc3ZnPg==\" class=\"lazyload\" \/><\/figure>\n\n\n\n<figure class=\"wp-block-image\"><img decoding=\"async\" data-src=\"https:\/\/lh5.googleusercontent.com\/proxy\/mdWjw_MErbglulpqIoZ_HW6D1Xx6uSI2pdUzYeDY7MaBySR_GPrv1uZ35hKRqgmke__aUEzhS2rUF7RzPY3z1uPVGvAK2SyMN1_SyaiDYhI0xl-25Q=s0-d\" alt=\"\" src=\"data:image\/svg+xml;base64,PHN2ZyB3aWR0aD0iMSIgaGVpZ2h0PSIxIiB4bWxucz0iaHR0cDovL3d3dy53My5vcmcvMjAwMC9zdmciPjwvc3ZnPg==\" class=\"lazyload\" \/><\/figure>\n\n\n\n<p>A Prefeitura de Sum\u00e9 est\u00e1 realizando uma s\u00e9rie de a\u00e7\u00f5es neste m\u00eas de novembro em alus\u00e3o \u00e0 Campanha Novembro Azul, que tem o objetivo de alertar os homens&nbsp;&nbsp;sobre a import\u00e2ncia de preven\u00e7\u00e3o do c\u00e2ncer de pr\u00f3stata.<br>Na quarta-feira (13), foi preparado um momento especial para os homens do munic\u00edpio com a oferta de v\u00e1rios atendimentos na unidade de sa\u00fade do centro da cidade.<br>Neste dia foram realizadas 130 consultas m\u00e9dicas, 65 testes r\u00e1pidos (HIV, S\u00edfilis e Hepatite), 110 testes de glicemia e aferi\u00e7\u00e3o de press\u00e3o, 50 exames de PSA, 21 procedimentos odontol\u00f3gicos, 60 agendamentos de ultrassonografia e 40 agendamentos de consultas para urologistas.<br>Os servi\u00e7os foram oferecidos ap\u00f3s as 17h, objetivando dar a oportunidade para que os homens que trabalham pudessem ser atendidos. Tamb\u00e9m foi oferecido transporte para a popula\u00e7\u00e3o do Distrito do Pio X.<br>&nbsp;No s\u00e1bado (16), dando continuidade \u00e0 programa\u00e7\u00e3o foram oferecidas&nbsp;&nbsp;ultrassonografias e atendimento com urologista e consultas com oftalmologista.<br>A secret\u00e1ria de Sa\u00fade de Sum\u00e9, Alessandra Regina, destacou a campanha como um momento importante para a promo\u00e7\u00e3o de a\u00e7\u00f5es concretas de sa\u00fade do homem e, ainda, para a conscientiza\u00e7\u00e3o da popula\u00e7\u00e3o masculina sobre a preven\u00e7\u00e3o de doen\u00e7as que acometem largamente esse p\u00fablico, considerado como o mais o resistente aos cuidados m\u00e9dicos.<br>O c\u00e2ncer de pr\u00f3stata \u00e9 o mais frequente nos homens, depois do c\u00e2ncer de pele. Embora seja uma doen\u00e7a comum, por medo ou por desconhecimento muitos homens preferem n\u00e3o conversar sobre esse assunto, na maioria dos casos, cresce de forma lenta, por isso a import\u00e2ncia da preven\u00e7\u00e3o.<br><\/p>\n","protected":false},"excerpt":{"rendered":"<p>A Prefeitura de Sum\u00e9 est\u00e1 realizando uma s\u00e9rie de a\u00e7\u00f5es neste m\u00eas de novembro em alus\u00e3o \u00e0 Campanha Novembro Azul, que tem o objetivo de&hellip; <\/p>\n","protected":false},"author":1,"featured_media":136640,"comment_status":"closed","ping_status":"closed","sticky":false,"template":"","format":"standard","meta":{"sfsi_plus_gutenberg_text_before_share":"","sfsi_plus_gutenberg_show_text_before_share":"","sfsi_plus_gutenberg_icon_type":"","sfsi_plus_gutenberg_icon_alignemt":"","sfsi_plus_gutenburg_max_per_row":"","footnotes":""},"categories":[50,2],"tags":[],"class_list":["post-136638","post","type-post","status-publish","format-standard","has-post-thumbnail","hentry","category-destaque","category-geral"],"_links":{"self":[{"href":"https:\/\/www.caririemacao.com\/1\/wp-json\/wp\/v2\/posts\/136638","targetHints":{"allow":["GET"]}}],"collection":[{"href":"https:\/\/www.caririemacao.com\/1\/wp-json\/wp\/v2\/posts"}],"about":[{"href":"https:\/\/www.caririemacao.com\/1\/wp-json\/wp\/v2\/types\/post"}],"author":[{"embeddable":true,"href":"https:\/\/www.caririemacao.com\/1\/wp-json\/wp\/v2\/users\/1"}],"replies":[{"embeddable":true,"href":"https:\/\/www.caririemacao.com\/1\/wp-json\/wp\/v2\/comments?post=136638"}],"version-history":[{"count":1,"href":"https:\/\/www.caririemacao.com\/1\/wp-json\/wp\/v2\/posts\/136638\/revisions"}],"predecessor-version":[{"id":136641,"href":"https:\/\/www.caririemacao.com\/1\/wp-json\/wp\/v2\/posts\/136638\/revisions\/136641"}],"wp:featuredmedia":[{"embeddable":true,"href":"https:\/\/www.caririemacao.com\/1\/wp-json\/wp\/v2\/media\/136640"}],"wp:attachment":[{"href":"https:\/\/www.caririemacao.com\/1\/wp-json\/wp\/v2\/media?parent=136638"}],"wp:term":[{"taxonomy":"category","embeddable":true,"href":"https:\/\/www.caririemacao.com\/1\/wp-json\/wp\/v2\/categories?post=136638"},{"taxonomy":"post_tag","embeddable":true,"href":"https:\/\/www.caririemacao.com\/1\/wp-json\/wp\/v2\/tags?post=136638"}],"curies":[{"name":"wp","href":"https:\/\/api.w.org\/{rel}","templated":true}]}}