{"id":136646,"date":"2019-11-19T13:16:30","date_gmt":"2019-11-19T16:16:30","guid":{"rendered":"http:\/\/www.caririemacao.com\/1\/?p=136646"},"modified":"2019-11-19T13:16:30","modified_gmt":"2019-11-19T16:16:30","slug":"inep-anula-questao-do-enem-2019","status":"publish","type":"post","link":"https:\/\/www.caririemacao.com\/1\/2019\/11\/19\/inep-anula-questao-do-enem-2019\/","title":{"rendered":"Inep anula quest\u00e3o do Enem 2019"},"content":{"rendered":"\n<p>O Instituto Nacional de Estudos e Pesquisas Educacionais An\u00edsio Teixeira (Inep) anunciou, na manh\u00e3 desta ter\u00e7a-feira (19), a anula\u00e7\u00e3o de uma quest\u00e3o da prova de ci\u00eancias humanas do Exame Nacional do Ensino M\u00e9dio (Enem) de 2019 .Segundo o instituto, por causa da metodologia do Enem, a Teoria de Resposta ao Item (TRI), &#8220;a anula\u00e7\u00e3o de um item, ou mesmo a aplica\u00e7\u00e3o de provas com itens diferentes, n\u00e3o compromete o processo de estima\u00e7\u00e3o da nota das participantes&#8221;.<\/p>\n\n\n\n<p>Correla\u00e7\u00e3o da quest\u00e3o anulada:<\/p>\n\n\n\n<p>Caderno azul: quest\u00e3o 90<br>Caderno amarelo: quest\u00e3o 78<br>Caderno branco: quest\u00e3o 66<br>Caderno rosa: quest\u00e3o 72<\/p>\n\n\n\n<p>Segundo o Inep, a quest\u00e3o n\u00e3o tem problemas no enunciado ou nas alternativas; o motivo da anula\u00e7\u00e3o foi o fato de ela j\u00e1 ter aparecido no Enem 2018, no chamado Caderno de Quest\u00f5es Braille e Ledor.<\/p>\n\n\n\n<p>&#8220;O caderno Ledor \u00e9 preparado para os aplicadores que atuam como ledores para os participantes que, por algum motivo, solicitam aux\u00edlio para a leitura da prova como recurso de acessibilidade&#8221;, explicou a autarquia.<\/p>\n\n\n\n<p>Esse atendimento espec\u00edfico para candidatos com defici\u00eancia pode fazer com que algumas quest\u00f5es do caderno de provas desses candidatos sejam diferentes dos demais candidatos. O Inep diz que isso acontece quando \u00e9 preciso substituir uma quest\u00e3o com recursos visuais, como os gr\u00e1ficos e as imagens, por outras, j\u00e1 que o trabalho de descri\u00e7\u00e3o desses recursos tornaria a quest\u00e3o dif\u00edcil demais para a compreens\u00e3o dos participantes com defici\u00eancia.<\/p>\n\n\n\n<p>Esse \u00e9 o segundo ano consecutivo em que uma quest\u00e3o do Enem \u00e9 anulada por j\u00e1 ter aparecido em outra prova. No ano passado, uma quest\u00e3o da prova de matem\u00e1tica sofreu o mesmo fim, depois de professores do Curso Anglo, em S\u00e3o Paulo, terem identificado que ela j\u00e1 havia sido publicada em 2014 no vestibular da Universidade Federal do Paran\u00e1 (UFPR).<\/p>\n\n\n\n<figure class=\"wp-block-image\"><img decoding=\"async\" data-src=\"https:\/\/www.clickpb.com.br\/media\/filer_public\/d5\/38\/d538c1d7-d0a5-4c62-9eb8-57fd92dbf840\/enem_2019.jpg\" alt=\"\" src=\"data:image\/svg+xml;base64,PHN2ZyB3aWR0aD0iMSIgaGVpZ2h0PSIxIiB4bWxucz0iaHR0cDovL3d3dy53My5vcmcvMjAwMC9zdmciPjwvc3ZnPg==\" class=\"lazyload\" \/><\/figure>\n\n\n\n<p><strong>Leia abaixo a nota na \u00edntegra do Inep:<\/strong><\/p>\n\n\n\n<p><em>&#8220;O Instituto Nacional de Estudos e Pesquisas Educacionais An\u00edsio Teixeira (Inep) informa a anula\u00e7\u00e3o de uma quest\u00e3o da prova de Ci\u00eancias Humanas e suas Tecnologias da aplica\u00e7\u00e3o regular do Enem 2019: quest\u00e3o 90 do Caderno Azul; quest\u00e3o 78 do Caderno Amarelo; quest\u00e3o 66 do Caderno Branco e quest\u00e3o 72 do Caderno Rosa.<\/em><\/p>\n\n\n\n<p><em>O Inep identificou que a referida quest\u00e3o fez parte do Caderno de Quest\u00f5es Braile e Ledor da aplica\u00e7\u00e3o do Enem 2018 (quest\u00e3o 56 do Caderno Laranja). O caderno Ledor \u00e9 preparado para os aplicadores que atuam como ledores para os participantes que, por algum motivo, solicitam aux\u00edlio para a leitura da prova como recurso de acessibilidade.<\/em><\/p>\n\n\n\n<p><em>O c\u00e1lculo estat\u00edstico da nota do Enem, de acordo com a metodologia da Teoria da Resposta ao Item (TRI), considera a combina\u00e7\u00e3o da coer\u00eancia do padr\u00e3o de resposta com o pressuposto da cumulatividade, e ainda, as caracter\u00edsticas (par\u00e2metros de complexidade) de cada item. Por isso, a anula\u00e7\u00e3o de um item, ou mesmo a aplica\u00e7\u00e3o de provas com itens diferentes, n\u00e3o compromete o processo de estima\u00e7\u00e3o da nota das participantes.<\/em><\/p>\n\n\n\n<p><em>Respeitando a comparabilidade garantida pela TRI, as quest\u00f5es que comp\u00f5em as provas acess\u00edveis podem sofrer ligeira altera\u00e7\u00e3o comparadas \u00e0 prova de aplica\u00e7\u00e3o regular devido \u00e0s especificidades deste p\u00fablico. As provas do Caderno Braile e Ledor, por exemplo, cont\u00e9m a descri\u00e7\u00e3o de gr\u00e1ficos, imagens, esquemas e outros recursos visuais utilizados e quest\u00f5es que inviabilizam ou dificultam demasiadamente a compreens\u00e3o por parte dos participantes com algum tipo de defici\u00eancia visual s\u00e3o substitu\u00eddas.&#8221;<\/em><\/p>\n","protected":false},"excerpt":{"rendered":"<p>O Instituto Nacional de Estudos e Pesquisas Educacionais An\u00edsio Teixeira (Inep) anunciou, na manh\u00e3 desta ter\u00e7a-feira (19), a anula\u00e7\u00e3o de uma quest\u00e3o da prova de&hellip; <\/p>\n","protected":false},"author":1,"featured_media":136648,"comment_status":"closed","ping_status":"closed","sticky":false,"template":"","format":"standard","meta":{"sfsi_plus_gutenberg_text_before_share":"","sfsi_plus_gutenberg_show_text_before_share":"","sfsi_plus_gutenberg_icon_type":"","sfsi_plus_gutenberg_icon_alignemt":"","sfsi_plus_gutenburg_max_per_row":"","footnotes":""},"categories":[2],"tags":[],"class_list":["post-136646","post","type-post","status-publish","format-standard","has-post-thumbnail","hentry","category-geral"],"_links":{"self":[{"href":"https:\/\/www.caririemacao.com\/1\/wp-json\/wp\/v2\/posts\/136646","targetHints":{"allow":["GET"]}}],"collection":[{"href":"https:\/\/www.caririemacao.com\/1\/wp-json\/wp\/v2\/posts"}],"about":[{"href":"https:\/\/www.caririemacao.com\/1\/wp-json\/wp\/v2\/types\/post"}],"author":[{"embeddable":true,"href":"https:\/\/www.caririemacao.com\/1\/wp-json\/wp\/v2\/users\/1"}],"replies":[{"embeddable":true,"href":"https:\/\/www.caririemacao.com\/1\/wp-json\/wp\/v2\/comments?post=136646"}],"version-history":[{"count":1,"href":"https:\/\/www.caririemacao.com\/1\/wp-json\/wp\/v2\/posts\/136646\/revisions"}],"predecessor-version":[{"id":136649,"href":"https:\/\/www.caririemacao.com\/1\/wp-json\/wp\/v2\/posts\/136646\/revisions\/136649"}],"wp:featuredmedia":[{"embeddable":true,"href":"https:\/\/www.caririemacao.com\/1\/wp-json\/wp\/v2\/media\/136648"}],"wp:attachment":[{"href":"https:\/\/www.caririemacao.com\/1\/wp-json\/wp\/v2\/media?parent=136646"}],"wp:term":[{"taxonomy":"category","embeddable":true,"href":"https:\/\/www.caririemacao.com\/1\/wp-json\/wp\/v2\/categories?post=136646"},{"taxonomy":"post_tag","embeddable":true,"href":"https:\/\/www.caririemacao.com\/1\/wp-json\/wp\/v2\/tags?post=136646"}],"curies":[{"name":"wp","href":"https:\/\/api.w.org\/{rel}","templated":true}]}}