{"id":136709,"date":"2019-11-19T16:43:10","date_gmt":"2019-11-19T19:43:10","guid":{"rendered":"http:\/\/www.caririemacao.com\/1\/?p=136709"},"modified":"2019-11-19T16:43:10","modified_gmt":"2019-11-19T19:43:10","slug":"gestao-de-camalau-realiza-acoes-do-novembro-azul-na-comunidade-da-cangalha-com-grande-participacao-dos-homens","status":"publish","type":"post","link":"https:\/\/www.caririemacao.com\/1\/2019\/11\/19\/gestao-de-camalau-realiza-acoes-do-novembro-azul-na-comunidade-da-cangalha-com-grande-participacao-dos-homens\/","title":{"rendered":"Gest\u00e3o de Camala\u00fa realiza a\u00e7\u00f5es do Novembro Azul na comunidade da Cangalha com grande participa\u00e7\u00e3o dos homens"},"content":{"rendered":"\n<figure class=\"wp-block-image\"><a href=\"https:\/\/1.bp.blogspot.com\/-6wHsuJbdZSM\/XdQ2DxoG42I\/AAAAAAAAG9M\/n-mExKoTUg4QEVxL3tWLjb94NbD0_bXQgCLcBGAsYHQ\/s1600\/11.jpg\"><img decoding=\"async\" data-src=\"https:\/\/1.bp.blogspot.com\/-6wHsuJbdZSM\/XdQ2DxoG42I\/AAAAAAAAG9M\/n-mExKoTUg4QEVxL3tWLjb94NbD0_bXQgCLcBGAsYHQ\/s280\/11.jpg\" alt=\"\" src=\"data:image\/svg+xml;base64,PHN2ZyB3aWR0aD0iMSIgaGVpZ2h0PSIxIiB4bWxucz0iaHR0cDovL3d3dy53My5vcmcvMjAwMC9zdmciPjwvc3ZnPg==\" class=\"lazyload\" \/><\/a><\/figure>\n\n\n\n<figure class=\"wp-block-image\"><a href=\"https:\/\/1.bp.blogspot.com\/-1iwpyjt-zS8\/XdQ2D4IxfbI\/AAAAAAAAG9Q\/6z5drw5J_5oAmwPhGP_Y686LfWnQ1ry_gCLcBGAsYHQ\/s1600\/111.jpg\"><img decoding=\"async\" data-src=\"https:\/\/1.bp.blogspot.com\/-1iwpyjt-zS8\/XdQ2D4IxfbI\/AAAAAAAAG9Q\/6z5drw5J_5oAmwPhGP_Y686LfWnQ1ry_gCLcBGAsYHQ\/s280\/111.jpg\" alt=\"\" src=\"data:image\/svg+xml;base64,PHN2ZyB3aWR0aD0iMSIgaGVpZ2h0PSIxIiB4bWxucz0iaHR0cDovL3d3dy53My5vcmcvMjAwMC9zdmciPjwvc3ZnPg==\" class=\"lazyload\" \/><\/a><\/figure>\n\n\n\n<p>A Prefeitura de Camala\u00fa atrav\u00e9s da determina\u00e7\u00e3o do prefeito Sandro M\u00f4co tem realizado uma s\u00e9rie de a\u00e7\u00f5es alusivas ao Novembro Azul, m\u00eas de conscientiza\u00e7\u00e3o sobre a sa\u00fade preventiva para os homens.<br>As a\u00e7\u00f5es acontecem n\u00e3o s\u00f3 na zona urbana, mas tamb\u00e9m s\u00e3o direcionadas \u00e0 popula\u00e7\u00e3o da zona rural, como aconteceu na manh\u00e3 desta ter\u00e7a feira, 19, onde foi realizada uma grande programa\u00e7\u00e3o na comunidade do S\u00edtio Cangalha.<br>Houve realiza\u00e7\u00e3o de exames, consultas m\u00e9dicas, palestras informativas, e foi servido ainda um saboroso e saud\u00e1vel caf\u00e9 da manh\u00e3 para dezenas de homens que participaram da atividade, coordenada pela secretaria de sa\u00fade e supervisionada pessoalmente pelo prefeito Sandro M\u00f4co.<br>\u201cFicamos muito felizes com a participa\u00e7\u00e3o dos homens durante o Novembro Azul, j\u00e1 que historicamente e culturalmente, os homens costumam se cuidar com menos frequ\u00eancia\u201d, disse o prefeito.<br>\u201cPor isso, n\u00e3o medimos esfor\u00e7os para estender estas a\u00e7\u00f5es de sa\u00fade preventiva tamb\u00e9m para a zona rural, e a participa\u00e7\u00e3o popular est\u00e1 sendo muito satisfat\u00f3ria, o que nos deixa com a consci\u00eancia tranquila, da nossa meta sendo atingida\u201d, completou Sandro M\u00f4co.<\/p>\n","protected":false},"excerpt":{"rendered":"<p>A Prefeitura de Camala\u00fa atrav\u00e9s da determina\u00e7\u00e3o do prefeito Sandro M\u00f4co tem realizado uma s\u00e9rie de a\u00e7\u00f5es alusivas ao Novembro Azul, m\u00eas de conscientiza\u00e7\u00e3o sobre&hellip; <\/p>\n","protected":false},"author":1,"featured_media":136706,"comment_status":"closed","ping_status":"closed","sticky":false,"template":"","format":"standard","meta":{"sfsi_plus_gutenberg_text_before_share":"","sfsi_plus_gutenberg_show_text_before_share":"","sfsi_plus_gutenberg_icon_type":"","sfsi_plus_gutenberg_icon_alignemt":"","sfsi_plus_gutenburg_max_per_row":"","footnotes":""},"categories":[2],"tags":[],"class_list":["post-136709","post","type-post","status-publish","format-standard","has-post-thumbnail","hentry","category-geral"],"_links":{"self":[{"href":"https:\/\/www.caririemacao.com\/1\/wp-json\/wp\/v2\/posts\/136709","targetHints":{"allow":["GET"]}}],"collection":[{"href":"https:\/\/www.caririemacao.com\/1\/wp-json\/wp\/v2\/posts"}],"about":[{"href":"https:\/\/www.caririemacao.com\/1\/wp-json\/wp\/v2\/types\/post"}],"author":[{"embeddable":true,"href":"https:\/\/www.caririemacao.com\/1\/wp-json\/wp\/v2\/users\/1"}],"replies":[{"embeddable":true,"href":"https:\/\/www.caririemacao.com\/1\/wp-json\/wp\/v2\/comments?post=136709"}],"version-history":[{"count":1,"href":"https:\/\/www.caririemacao.com\/1\/wp-json\/wp\/v2\/posts\/136709\/revisions"}],"predecessor-version":[{"id":136711,"href":"https:\/\/www.caririemacao.com\/1\/wp-json\/wp\/v2\/posts\/136709\/revisions\/136711"}],"wp:featuredmedia":[{"embeddable":true,"href":"https:\/\/www.caririemacao.com\/1\/wp-json\/wp\/v2\/media\/136706"}],"wp:attachment":[{"href":"https:\/\/www.caririemacao.com\/1\/wp-json\/wp\/v2\/media?parent=136709"}],"wp:term":[{"taxonomy":"category","embeddable":true,"href":"https:\/\/www.caririemacao.com\/1\/wp-json\/wp\/v2\/categories?post=136709"},{"taxonomy":"post_tag","embeddable":true,"href":"https:\/\/www.caririemacao.com\/1\/wp-json\/wp\/v2\/tags?post=136709"}],"curies":[{"name":"wp","href":"https:\/\/api.w.org\/{rel}","templated":true}]}}