{"id":136725,"date":"2019-11-19T22:28:30","date_gmt":"2019-11-20T01:28:30","guid":{"rendered":"http:\/\/www.caririemacao.com\/1\/?p=136725"},"modified":"2019-11-20T08:19:57","modified_gmt":"2019-11-20T11:19:57","slug":"casal-tem-casa-invadida-e-e-levado-como-refem-em-sume","status":"publish","type":"post","link":"https:\/\/www.caririemacao.com\/1\/2019\/11\/19\/casal-tem-casa-invadida-e-e-levado-como-refem-em-sume\/","title":{"rendered":"Casal tem casa invadida e \u00e9 levado como ref\u00e9m em Sum\u00e9"},"content":{"rendered":"\n<p>O casal Carlinhos dos Correios e a professora Luciene teve\nsua casa invadida na noite desta ter\u00e7a-feira, dia 19, quando estava chegando em\nsua resid\u00eancia pr\u00f3xima ao CISCO em Sum\u00e9.<\/p>\n\n\n\n<p>Quatro bandidos armados abordaram o casal j\u00e1 pedindo\ndinheiro. Os assaltantes levaram v\u00e1rios pertences inclusive um carro da fam\u00edlia.<\/p>\n\n\n\n<p>Na fuga, o casal foi levado como ref\u00e9m at\u00e9 a estrada que liga Sum\u00e9 ao Congo, em seguida liberado. A Pol\u00edcia est\u00e1 dilig\u00eancia na busca de prender os bandidos.<\/p>\n","protected":false},"excerpt":{"rendered":"<p>O casal Carlinhos dos Correios e a professora Luciene teve sua casa invadida na noite desta ter\u00e7a-feira, dia 19, quando estava chegando em sua resid\u00eancia&hellip; <\/p>\n","protected":false},"author":2,"featured_media":15928,"comment_status":"closed","ping_status":"closed","sticky":false,"template":"","format":"standard","meta":{"sfsi_plus_gutenberg_text_before_share":"","sfsi_plus_gutenberg_show_text_before_share":"","sfsi_plus_gutenberg_icon_type":"","sfsi_plus_gutenberg_icon_alignemt":"","sfsi_plus_gutenburg_max_per_row":"","footnotes":""},"categories":[50,12],"tags":[],"class_list":["post-136725","post","type-post","status-publish","format-standard","has-post-thumbnail","hentry","category-destaque","category-policia"],"_links":{"self":[{"href":"https:\/\/www.caririemacao.com\/1\/wp-json\/wp\/v2\/posts\/136725","targetHints":{"allow":["GET"]}}],"collection":[{"href":"https:\/\/www.caririemacao.com\/1\/wp-json\/wp\/v2\/posts"}],"about":[{"href":"https:\/\/www.caririemacao.com\/1\/wp-json\/wp\/v2\/types\/post"}],"author":[{"embeddable":true,"href":"https:\/\/www.caririemacao.com\/1\/wp-json\/wp\/v2\/users\/2"}],"replies":[{"embeddable":true,"href":"https:\/\/www.caririemacao.com\/1\/wp-json\/wp\/v2\/comments?post=136725"}],"version-history":[{"count":3,"href":"https:\/\/www.caririemacao.com\/1\/wp-json\/wp\/v2\/posts\/136725\/revisions"}],"predecessor-version":[{"id":136729,"href":"https:\/\/www.caririemacao.com\/1\/wp-json\/wp\/v2\/posts\/136725\/revisions\/136729"}],"wp:featuredmedia":[{"embeddable":true,"href":"https:\/\/www.caririemacao.com\/1\/wp-json\/wp\/v2\/media\/15928"}],"wp:attachment":[{"href":"https:\/\/www.caririemacao.com\/1\/wp-json\/wp\/v2\/media?parent=136725"}],"wp:term":[{"taxonomy":"category","embeddable":true,"href":"https:\/\/www.caririemacao.com\/1\/wp-json\/wp\/v2\/categories?post=136725"},{"taxonomy":"post_tag","embeddable":true,"href":"https:\/\/www.caririemacao.com\/1\/wp-json\/wp\/v2\/tags?post=136725"}],"curies":[{"name":"wp","href":"https:\/\/api.w.org\/{rel}","templated":true}]}}