{"id":136738,"date":"2019-11-20T08:25:13","date_gmt":"2019-11-20T11:25:13","guid":{"rendered":"http:\/\/www.caririemacao.com\/1\/?p=136738"},"modified":"2019-11-20T08:25:13","modified_gmt":"2019-11-20T11:25:13","slug":"deputado-do-psl-quebra-peca-de-exposicao-sobre-consciencia-negra-na-camara","status":"publish","type":"post","link":"https:\/\/www.caririemacao.com\/1\/2019\/11\/20\/deputado-do-psl-quebra-peca-de-exposicao-sobre-consciencia-negra-na-camara\/","title":{"rendered":"Deputado do PSL quebra pe\u00e7a de exposi\u00e7\u00e3o sobre Consci\u00eancia Negra na C\u00e2mara"},"content":{"rendered":"\n<p>&nbsp;O deputado Coronel Tadeu (PSL-SP) quebrou, nesta ter\u00e7a-feira (19), uma placa com charge que compunha exposi\u00e7\u00e3o em homenagem ao Dia da Consci\u00eancia Negra na C\u00e2mara.<\/p>\n\n\n\n<p>O cartaz trazia uma charge do cartunista Latuff mostrando um policial com uma arma se afastando depois de atirar em um jovem algemado.<\/p>\n\n\n\n<p>A pe\u00e7a tinha os dizeres &#8220;o genoc\u00eddio da popula\u00e7\u00e3o negra&#8221; e uma explica\u00e7\u00e3o com dados do Ipea (Instituto de Pesquisa Econ\u00f4mica) sobre mortes de jovens negros.<\/p>\n\n\n\n<p>&#8220;Por sua vez, os negros s\u00e3o as principais v\u00edtimas da a\u00e7\u00e3o letal das pol\u00edcias e o perfil predominante da popula\u00e7\u00e3o prisional do Brasil&#8221;, dizia a placa.<\/p>\n\n\n\n<p>A taxa de homic\u00eddios entre homens jovens pretos e pardos chegou a 185 a cada 100 mil habitantes em 2017, quase tr\u00eas vezes a dos brancos.<\/p>\n\n\n\n<p>Parlamentares oposicionistas da bancada negra, como Taliria Petrone (PSOL-RJ), Benedita da Silva (PT-RJ), Aurea Carolina (PSOL-MG) e David Miranda (PSOL-RJ), foram ao Departamento de Pol\u00edcia Legislativa da Casa e prestaram queixa contra Tadeu.<\/p>\n\n\n\n<p>Segundo Taliria, os partidos tamb\u00e9m far\u00e3o representa\u00e7\u00e3o no Conselho de \u00c9tica da C\u00e2mara e ir\u00e3o \u00e0 PGR (Procuradoria-Geral da Rep\u00fablica) protocolar representa\u00e7\u00e3o por racismo.<\/p>\n\n\n\n<p>Deputados confrontaram o parlamentar no corredor depois de ele quebrar a placa, chamando-o de racista. &#8220;Isso \u00e9 uma viol\u00eancia&#8221;, afirmou Benedita enquanto apontava para o cartaz, partido em dois no ch\u00e3o.<\/p>\n\n\n\n<p>&#8220;Eles fizeram o protesto deles, eu fiz o meu. O cartaz era nitidamente ofensivo aos policiais do pa\u00eds&#8221;, afirmou Coronel Tadeu \u00e0 reportagem. Ele disse que decidiu arrancar o cartaz &#8220;para retirar primeiro aquilo imediatamente&#8221; e disse que a placa &#8220;direcionava o entendimento de que policiais s\u00f3 matam negros&#8221;.<\/p>\n\n\n\n<p>&#8220;O policial quer preservar a pr\u00f3pria vida. Na hora do tiroteio, voc\u00ea n\u00e3o sabe se o cara \u00e9 branco ou negro&#8221;, disse.<\/p>\n\n\n\n<p>Em S\u00e3o Paulo, segundo pesquisa da soci\u00f3loga Samira Bueno, do F\u00f3rum Brasileiro de Seguran\u00e7a P\u00fablica, 67% dos mortos em a\u00e7\u00f5es policiais entre 2014 a 2016 eram pretos ou pardos.<\/p>\n\n\n\n<p>Nas redes sociais, Tadeu publicou a imagem. &#8220;Policiais n\u00e3o s\u00e3o assassinos. Policiais s\u00e3o guardi\u00f5es da sociedade, sinto orgulho de ter 600 mil profissionais trabalhando pela seguran\u00e7a de 240 milh\u00f5es de brasileiros [segundo o IBGE, o Brasil tem quase 211 milh\u00f5es de habitantes]&#8221;, escreveu.<\/p>\n\n\n\n<p>A charge foi alvo de manifesta\u00e7\u00f5es da &#8220;bancada da bala&#8221; ao longo desta ter\u00e7a. O presidente da frente parlamentar de seguran\u00e7a p\u00fablica, Capit\u00e3o Augusto (PL-SP), havia pedido ao presidente da Casa, Rodrigo Maia (DEM-RJ), a retirada do cartaz, dizendo que ele ofendia os policiais.<\/p>\n\n\n\n<p>&#8220;Conforme se verifica do conte\u00fado da imagem, h\u00e1 a absurda atribui\u00e7\u00e3o da responsabilidade pelo genoc\u00eddio da popula\u00e7\u00e3o negra aos policiais militares, prestando-se, assim, verdadeiro desservi\u00e7o junto \u00e0 popula\u00e7\u00e3o que trafega pelas depend\u00eancias da C\u00e2mara, retratando negativamente o salutar papel dos policiais militares para a manuten\u00e7\u00e3o da ordem p\u00fablica no nosso pa\u00eds&#8221;, afirmou Capit\u00e3o Augusto no pedido.<\/p>\n\n\n\n<p>No plen\u00e1rio, a maior parte das manifesta\u00e7\u00f5es de deputados era contr\u00e1ria a Coronel Tadeu. &#8220;\u00c9 inaceit\u00e1vel, \u00e9 desonroso para esta Casa que um deputado n\u00e3o respeite, n\u00e3o tolere&#8221;, afirmou Orlando Silva (PC do B-SP).<\/p>\n\n\n\n<p>&#8220;\u00c9 inadmiss\u00edvel a atitude do deputado Coronel Tadeu, do PSL. Esse caso deve ser levado ao Conselho de \u00c9tica, porque racismo \u00e9 crime. Se o deputado n\u00e3o sabe, racismo \u00e9 crime e est\u00e1 na Constitui\u00e7\u00e3o&#8221;, afirmou Helder Salom\u00e3o (PT-RS), presidente da Comiss\u00e3o de Direitos Humanos da Casa.<\/p>\n\n\n\n<p>L\u00eddice da Mata (PSB-BA) cobrou atitude da Mesa Diretora. &#8220;Isso n\u00e3o pode ficar sem uma puni\u00e7\u00e3o. A Mesa n\u00e3o pode ignorar este fato, porque este fato fere a decis\u00e3o maior da Mesa de permitir a exposi\u00e7\u00e3o&#8221;, disse.<\/p>\n\n\n\n<p>Alguns parlamentares se dirigiram a Maia durante suas afirma\u00e7\u00f5es, mas ele n\u00e3o emitiu opini\u00e3o. Tamb\u00e9m pediram que Maia recoloque a placa da exposi\u00e7\u00e3o, pedido que foi contestado por Capit\u00e3o Augusto. &#8220;Essa placa n\u00e3o tem que voltar, j\u00e1 dou o aviso&#8221;.<\/p>\n\n\n\n<p>Tamb\u00e9m foi alvo de rep\u00fadio a fala de Daniel Silveira (PSL-RJ). Em discurso no plen\u00e1rio, ele afirmou que \u00e9 &#8220;evidente que mais negros morrem&#8221;, segundo ele, porque h\u00e1 &#8220;mais negros com arma, mais negros cometendo crime, mais negros confrontando a pol\u00edcia&#8221;.<\/p>\n\n\n\n<p>Silveira \u00e9 conhecido por ter quebrado uma placa em homenagem \u00e0 vereadora do PSOL, Marielle Franco (RJ), assassinada em 2018.<\/p>\n\n\n\n<p>Outros parlamentares, como Junio Amaral (PSL-MG), defenderam Tadeu.<br>&#8220;Ele fez aquilo que a maioria da popula\u00e7\u00e3o brasileira. Se o negro ataca a pol\u00edcia com arma na m\u00e3o, o negro vai morrer. Se um branco ataca, o branco vai morrer. Se for um viado, o viado vai morrer. Se for um an\u00e3o, vai morrer o an\u00e3o&#8221;, afirmou.<\/p>\n\n\n\n<p>Durante a fala de Amaral, deputados da bancada negra gritaram o nome de Agatha Felix, morta em setembro no Complexo do Alem\u00e3o, na zona norte do Rio de Janeiro.<br>Nesta ter\u00e7a-feira (19), a Pol\u00edcia Civil concluiu que quem atirou na menina de oito anos foi um policial militar.<\/p>\n","protected":false},"excerpt":{"rendered":"<p>&nbsp;O deputado Coronel Tadeu (PSL-SP) quebrou, nesta ter\u00e7a-feira (19), uma placa com charge que compunha exposi\u00e7\u00e3o em homenagem ao Dia da Consci\u00eancia Negra na C\u00e2mara.&hellip; <\/p>\n","protected":false},"author":1,"featured_media":136739,"comment_status":"closed","ping_status":"closed","sticky":false,"template":"","format":"standard","meta":{"sfsi_plus_gutenberg_text_before_share":"","sfsi_plus_gutenberg_show_text_before_share":"","sfsi_plus_gutenberg_icon_type":"","sfsi_plus_gutenberg_icon_alignemt":"","sfsi_plus_gutenburg_max_per_row":"","footnotes":""},"categories":[2],"tags":[],"class_list":["post-136738","post","type-post","status-publish","format-standard","has-post-thumbnail","hentry","category-geral"],"_links":{"self":[{"href":"https:\/\/www.caririemacao.com\/1\/wp-json\/wp\/v2\/posts\/136738","targetHints":{"allow":["GET"]}}],"collection":[{"href":"https:\/\/www.caririemacao.com\/1\/wp-json\/wp\/v2\/posts"}],"about":[{"href":"https:\/\/www.caririemacao.com\/1\/wp-json\/wp\/v2\/types\/post"}],"author":[{"embeddable":true,"href":"https:\/\/www.caririemacao.com\/1\/wp-json\/wp\/v2\/users\/1"}],"replies":[{"embeddable":true,"href":"https:\/\/www.caririemacao.com\/1\/wp-json\/wp\/v2\/comments?post=136738"}],"version-history":[{"count":1,"href":"https:\/\/www.caririemacao.com\/1\/wp-json\/wp\/v2\/posts\/136738\/revisions"}],"predecessor-version":[{"id":136740,"href":"https:\/\/www.caririemacao.com\/1\/wp-json\/wp\/v2\/posts\/136738\/revisions\/136740"}],"wp:featuredmedia":[{"embeddable":true,"href":"https:\/\/www.caririemacao.com\/1\/wp-json\/wp\/v2\/media\/136739"}],"wp:attachment":[{"href":"https:\/\/www.caririemacao.com\/1\/wp-json\/wp\/v2\/media?parent=136738"}],"wp:term":[{"taxonomy":"category","embeddable":true,"href":"https:\/\/www.caririemacao.com\/1\/wp-json\/wp\/v2\/categories?post=136738"},{"taxonomy":"post_tag","embeddable":true,"href":"https:\/\/www.caririemacao.com\/1\/wp-json\/wp\/v2\/tags?post=136738"}],"curies":[{"name":"wp","href":"https:\/\/api.w.org\/{rel}","templated":true}]}}