{"id":136743,"date":"2019-11-20T08:27:05","date_gmt":"2019-11-20T11:27:05","guid":{"rendered":"http:\/\/www.caririemacao.com\/1\/?p=136743"},"modified":"2019-11-20T08:27:05","modified_gmt":"2019-11-20T11:27:05","slug":"ministro-da-educacao-diz-que-brasil-ficara-em-ultimo-lugar-da-america-latina-em-avaliacao-internacional","status":"publish","type":"post","link":"https:\/\/www.caririemacao.com\/1\/2019\/11\/20\/ministro-da-educacao-diz-que-brasil-ficara-em-ultimo-lugar-da-america-latina-em-avaliacao-internacional\/","title":{"rendered":"Ministro da Educa\u00e7\u00e3o diz que Brasil ficar\u00e1 em \u00faltimo lugar da Am\u00e9rica Latina em avalia\u00e7\u00e3o internacional"},"content":{"rendered":"\n<p>O ministro da Educa\u00e7\u00e3o, Abraham Weintraub, disse nesta ter\u00e7a-feira (19) que o Brasil deve cair no Pisa e ficar\u00e1 em \u00faltimo lugar na Am\u00e9rica Latina. Os dados oficiais, no entanto, s\u00f3 ser\u00e3o divulgados em dezembro.<\/p>\n\n\n\n<p>O Pisa \u00e9 uma avalia\u00e7\u00e3o internacional com jovens de 15 e 16 anos realizada pela OCDE (Organiza\u00e7\u00e3o para a Coopera\u00e7\u00e3o e Desenvolvimento Econ\u00f4mico, uma entidade que re\u00fane pa\u00edses desenvolvidos). No Brasil, cabe ao Inep (Instituto Nacional de Estudos e Pesquisas Educacionais) a aplica\u00e7\u00e3o da prova.<\/p>\n\n\n\n<p>&#8220;Vai sair o Pisa agora no in\u00edcio do m\u00eas e o Brasil estar\u00e1 no ultimo lugar da Am\u00e9rica do Sul, n\u00f3s seremos o fruto desses 16 anos de PT e de abordagens esquerdistas&#8221;, disse o ministro.<\/p>\n\n\n\n<p>Weintraub n\u00e3o deixou claro se estava adiantando os resultados, cuja divulga\u00e7\u00e3o oficial cabe \u00e0 OCDE e ocorre diretamente a jornalistas cadastrados. Em geral, o governo realiza uma coletiva de imprensa para comentar os resultados.&nbsp;<\/p>\n\n\n\n<p>&#8220;Sim, eu diria que tem uma grande probabilidade de a gente esta figurando l\u00e1 no fundo, das \u00faltimas posi\u00e7\u00f5es dependendo da categoria&#8221;, disse ele ao ser questionado. &#8220;Eu estou supondo com base em n\u00fameros&nbsp; robustos&#8221;.<\/p>\n\n\n\n<p>Na \u00faltima edi\u00e7\u00e3o, divulgada em 2015, o Brasil ficou na 63\u00aa posi\u00e7\u00e3o em matem\u00e1tica (entre 70 pa\u00edses e territ\u00f3rios avaliados). Tamb\u00e9m s\u00e3o testadas na prova os conhecimentos de ci\u00eancias (o Brasil ficou em 65\u00ba) e leitura (58\u00ba).<\/p>\n\n\n\n<p>A reportagem apurou que as lideran\u00e7as do MEC e do Inep t\u00eam se articulado para, na coletiva de divulga\u00e7\u00e3o, real\u00e7arem uma interpreta\u00e7\u00e3o de que os maus resultados do Pisa s\u00e3o reflexos dos governos do PT.<\/p>\n\n\n\n<p>O Pisa \u00e9 realizado a cada tr\u00eas anos. O \u00faltimo resultado, divulgado em 2016, marcou a interrup\u00e7\u00e3o de uma tend\u00eancia positiva registrada desde 2000.&nbsp;<\/p>\n\n\n\n<p>Em 2012, o governo Dilma Rousseff (PT) comemorou o avan\u00e7o na \u00faltima d\u00e9cada, mesmo com resultados baixos e sem grandes avan\u00e7os. At\u00e9 aquela edi\u00e7\u00e3o, o Brasil havia sido o pa\u00eds que mais crescera em matem\u00e1tica nessa avalia\u00e7\u00e3o em dez anos.<\/p>\n\n\n\n<p>O ministro Weintraub falou sobre o Pisa em cerim\u00f4nia no Pal\u00e1cio do Planalto ao lado do presidente Bolsonaro, que n\u00e3o fez pronunciamento. Foi anunciado no evento uma expans\u00e3o no projeto para conectar escolas p\u00fablicas \u00e0 internet.<\/p>\n\n\n\n<p>Com restri\u00e7\u00f5es or\u00e7ament\u00e1rias, o MEC tem feito an\u00fancios de programas que ter\u00e3o impacto apenas em anos posteriores \u2013como \u00e9 o caso de iniciativas de ensino t\u00e9cnico e alfabetiza\u00e7\u00e3o. Este j\u00e1 \u00e9 a quarta entrevista coletiva para anunciar algum tipo de expans\u00e3o no programa de conex\u00e3o de escolas.<\/p>\n\n\n\n<p>O MEC indicou que mais 32 mil escolas urbanas receber\u00e3o recursos para instala\u00e7\u00e3o de internet. A expectativa \u00e9 chegar a cerca de 70 mil escolas at\u00e9 o ano que vem, ao levar em conta o volume de unidades j\u00e1 anunciadas.<\/p>\n\n\n\n<p>O ministro voltou a associar os desafios educacionais do pa\u00eds ao educador Paulo Freire e tamb\u00e9m o custo das universidades federais com a escassez de recursos na educa\u00e7\u00e3o b\u00e1sica. &#8220;Paulo Freire n\u00e3o deu certo, deixar as crian\u00e7as sem internet n\u00e3o deu certo&#8221;, disse.<\/p>\n\n\n\n<p>Ao todo, o MEC promete investir R$ 224 milh\u00f5es ainda neste ano para a contrata\u00e7\u00e3o de servi\u00e7os de conex\u00e3o \u00e0 internet. As transfer\u00eancias ser\u00e3o feitas diretamente para escolas por meio do PDDE (Programa Dinheiro Direto na Escola) \u2013 os dep\u00f3sitos come\u00e7ar\u00e3o a ser feitos nesta semana, segundo o ministro.<\/p>\n\n\n\n<p>Este programa se chama Educa\u00e7\u00e3o Conectada e foi criado no ano passado durante o governo Michel Temer (MDB). Em 2018, o MEC investiu R$ 78 milh\u00f5es para atender 23.266 escolas.<\/p>\n\n\n\n<p>O governo Bolsonaro n\u00e3o havia feito nenhuma transfer\u00eancia dentro desse programa at\u00e9 o fim do primeiro semestre, como a Folha revelou.&nbsp;<\/p>\n\n\n\n<p>Em julho, o governo fez o primeiro an\u00fancio para retorno desses investimentos. Na ocasi\u00e3o, o MEC j\u00e1 havia anunciado o empenho de R$ 114 milh\u00f5es para escolas urbanas, mais da metade, portanto, dos valores prometidos nesta ter\u00e7a.<\/p>\n\n\n\n<p>A cerim\u00f4nia ainda marcou o lan\u00e7amento de um concurso para estudantes desenvolverem cria\u00e7\u00f5es art\u00edsticas com o tema da bandeira brasileira. O dia da bandeira \u00e9 celebrado no dia 19 de novembro. As cria\u00e7\u00f5es integrar\u00e3o livros did\u00e1ticos distribu\u00eddos pelo governo federal a partir de 2021.<\/p>\n","protected":false},"excerpt":{"rendered":"<p>O ministro da Educa\u00e7\u00e3o, Abraham Weintraub, disse nesta ter\u00e7a-feira (19) que o Brasil deve cair no Pisa e ficar\u00e1 em \u00faltimo lugar na Am\u00e9rica Latina.&hellip; <\/p>\n","protected":false},"author":1,"featured_media":136744,"comment_status":"closed","ping_status":"closed","sticky":false,"template":"","format":"standard","meta":{"sfsi_plus_gutenberg_text_before_share":"","sfsi_plus_gutenberg_show_text_before_share":"","sfsi_plus_gutenberg_icon_type":"","sfsi_plus_gutenberg_icon_alignemt":"","sfsi_plus_gutenburg_max_per_row":"","footnotes":""},"categories":[14],"tags":[],"class_list":["post-136743","post","type-post","status-publish","format-standard","has-post-thumbnail","hentry","category-educacao"],"_links":{"self":[{"href":"https:\/\/www.caririemacao.com\/1\/wp-json\/wp\/v2\/posts\/136743","targetHints":{"allow":["GET"]}}],"collection":[{"href":"https:\/\/www.caririemacao.com\/1\/wp-json\/wp\/v2\/posts"}],"about":[{"href":"https:\/\/www.caririemacao.com\/1\/wp-json\/wp\/v2\/types\/post"}],"author":[{"embeddable":true,"href":"https:\/\/www.caririemacao.com\/1\/wp-json\/wp\/v2\/users\/1"}],"replies":[{"embeddable":true,"href":"https:\/\/www.caririemacao.com\/1\/wp-json\/wp\/v2\/comments?post=136743"}],"version-history":[{"count":1,"href":"https:\/\/www.caririemacao.com\/1\/wp-json\/wp\/v2\/posts\/136743\/revisions"}],"predecessor-version":[{"id":136745,"href":"https:\/\/www.caririemacao.com\/1\/wp-json\/wp\/v2\/posts\/136743\/revisions\/136745"}],"wp:featuredmedia":[{"embeddable":true,"href":"https:\/\/www.caririemacao.com\/1\/wp-json\/wp\/v2\/media\/136744"}],"wp:attachment":[{"href":"https:\/\/www.caririemacao.com\/1\/wp-json\/wp\/v2\/media?parent=136743"}],"wp:term":[{"taxonomy":"category","embeddable":true,"href":"https:\/\/www.caririemacao.com\/1\/wp-json\/wp\/v2\/categories?post=136743"},{"taxonomy":"post_tag","embeddable":true,"href":"https:\/\/www.caririemacao.com\/1\/wp-json\/wp\/v2\/tags?post=136743"}],"curies":[{"name":"wp","href":"https:\/\/api.w.org\/{rel}","templated":true}]}}