{"id":136748,"date":"2019-11-20T08:47:47","date_gmt":"2019-11-20T11:47:47","guid":{"rendered":"http:\/\/www.caririemacao.com\/1\/?p=136748"},"modified":"2019-11-20T08:47:47","modified_gmt":"2019-11-20T11:47:47","slug":"policia-militar-age-rapido-e-recupera-moto-furtada-no-cariri","status":"publish","type":"post","link":"https:\/\/www.caririemacao.com\/1\/2019\/11\/20\/policia-militar-age-rapido-e-recupera-moto-furtada-no-cariri\/","title":{"rendered":"Pol\u00edcia Militar age r\u00e1pido e recupera moto furtada no Cariri"},"content":{"rendered":"\n<p>Por volta das 20h25min do dia 19 de novembro de 2019, a\npol\u00edcia militar recebeu uma den\u00fancia da Sr\u00aa Yanne Araujo, informando que ela\ntinha ido at\u00e9 a casa da sua amiga Rafaele, e que havia deixado sua moto na\nfrente da casa e quando saiu ela n\u00e3o estava mais no local. <\/p>\n\n\n\n<p>As guarni\u00e7\u00f5es da pol\u00edcia ap\u00f3s fazerem diligencias, receberam\numa informa\u00e7\u00e3o de que uma moto com as caracter\u00edsticas, estava jogada nas\nproximidades do clube oxente, onde policiais se dirigiram at\u00e9 a entrada para o\nS\u00edtio Tamandu\u00e1 e encontraram a moto, os acusados n\u00e3o foram localizados, a moto\nfoi encaminhada at\u00e9 a Delegacia de Pol\u00edcia Civil para as provid\u00eancias praxe.<\/p>\n","protected":false},"excerpt":{"rendered":"<p>Por volta das 20h25min do dia 19 de novembro de 2019, a pol\u00edcia militar recebeu uma den\u00fancia da Sr\u00aa Yanne Araujo, informando que ela tinha&hellip; <\/p>\n","protected":false},"author":2,"featured_media":136749,"comment_status":"closed","ping_status":"closed","sticky":false,"template":"","format":"standard","meta":{"sfsi_plus_gutenberg_text_before_share":"","sfsi_plus_gutenberg_show_text_before_share":"","sfsi_plus_gutenberg_icon_type":"","sfsi_plus_gutenberg_icon_alignemt":"","sfsi_plus_gutenburg_max_per_row":"","footnotes":""},"categories":[50,12],"tags":[],"class_list":["post-136748","post","type-post","status-publish","format-standard","has-post-thumbnail","hentry","category-destaque","category-policia"],"_links":{"self":[{"href":"https:\/\/www.caririemacao.com\/1\/wp-json\/wp\/v2\/posts\/136748","targetHints":{"allow":["GET"]}}],"collection":[{"href":"https:\/\/www.caririemacao.com\/1\/wp-json\/wp\/v2\/posts"}],"about":[{"href":"https:\/\/www.caririemacao.com\/1\/wp-json\/wp\/v2\/types\/post"}],"author":[{"embeddable":true,"href":"https:\/\/www.caririemacao.com\/1\/wp-json\/wp\/v2\/users\/2"}],"replies":[{"embeddable":true,"href":"https:\/\/www.caririemacao.com\/1\/wp-json\/wp\/v2\/comments?post=136748"}],"version-history":[{"count":1,"href":"https:\/\/www.caririemacao.com\/1\/wp-json\/wp\/v2\/posts\/136748\/revisions"}],"predecessor-version":[{"id":136750,"href":"https:\/\/www.caririemacao.com\/1\/wp-json\/wp\/v2\/posts\/136748\/revisions\/136750"}],"wp:featuredmedia":[{"embeddable":true,"href":"https:\/\/www.caririemacao.com\/1\/wp-json\/wp\/v2\/media\/136749"}],"wp:attachment":[{"href":"https:\/\/www.caririemacao.com\/1\/wp-json\/wp\/v2\/media?parent=136748"}],"wp:term":[{"taxonomy":"category","embeddable":true,"href":"https:\/\/www.caririemacao.com\/1\/wp-json\/wp\/v2\/categories?post=136748"},{"taxonomy":"post_tag","embeddable":true,"href":"https:\/\/www.caririemacao.com\/1\/wp-json\/wp\/v2\/tags?post=136748"}],"curies":[{"name":"wp","href":"https:\/\/api.w.org\/{rel}","templated":true}]}}