{"id":136751,"date":"2019-11-20T09:16:33","date_gmt":"2019-11-20T12:16:33","guid":{"rendered":"http:\/\/www.caririemacao.com\/1\/?p=136751"},"modified":"2019-11-20T09:16:33","modified_gmt":"2019-11-20T12:16:33","slug":"zeze-di-camargo-e-internado-com-urgencia-e-passa-por-cirurgia","status":"publish","type":"post","link":"https:\/\/www.caririemacao.com\/1\/2019\/11\/20\/zeze-di-camargo-e-internado-com-urgencia-e-passa-por-cirurgia\/","title":{"rendered":"Zez\u00e9 Di Camargo \u00e9 internado com urg\u00eancia e passa por cirurgia"},"content":{"rendered":"\n<p>Recentemente, o cantor Zez\u00e9 Di Camargo foi internado no Hospital S\u00edrio Liban\u00eas, em S\u00e3o Paulo, para fazer uma cirurgia e acabou deixando seus f\u00e3s preocupados, uma vez que o sertanejo n\u00e3o tinha revelado o motivo pelo qual teria ido ao centro de sa\u00fade.&nbsp;<\/p>\n\n\n\n<p>No entanto, segundo informa\u00e7\u00f5es da colunista F\u00e1bia Oliveira, do jornal &#8216;O Dia&#8217;, Zez\u00e9 foi hospitalizado para retirar a ves\u00edcula. O procedimento, feito atrav\u00e9s de v\u00eddeo, foi um sucesso e o cantor agora est\u00e1 em repouso se recuperando.&nbsp;<\/p>\n","protected":false},"excerpt":{"rendered":"<p>Recentemente, o cantor Zez\u00e9 Di Camargo foi internado no Hospital S\u00edrio Liban\u00eas, em S\u00e3o Paulo, para fazer uma cirurgia e acabou deixando seus f\u00e3s preocupados,&hellip; <\/p>\n","protected":false},"author":1,"featured_media":136752,"comment_status":"closed","ping_status":"closed","sticky":false,"template":"","format":"standard","meta":{"sfsi_plus_gutenberg_text_before_share":"","sfsi_plus_gutenberg_show_text_before_share":"","sfsi_plus_gutenberg_icon_type":"","sfsi_plus_gutenberg_icon_alignemt":"","sfsi_plus_gutenburg_max_per_row":"","footnotes":""},"categories":[2],"tags":[],"class_list":["post-136751","post","type-post","status-publish","format-standard","has-post-thumbnail","hentry","category-geral"],"_links":{"self":[{"href":"https:\/\/www.caririemacao.com\/1\/wp-json\/wp\/v2\/posts\/136751","targetHints":{"allow":["GET"]}}],"collection":[{"href":"https:\/\/www.caririemacao.com\/1\/wp-json\/wp\/v2\/posts"}],"about":[{"href":"https:\/\/www.caririemacao.com\/1\/wp-json\/wp\/v2\/types\/post"}],"author":[{"embeddable":true,"href":"https:\/\/www.caririemacao.com\/1\/wp-json\/wp\/v2\/users\/1"}],"replies":[{"embeddable":true,"href":"https:\/\/www.caririemacao.com\/1\/wp-json\/wp\/v2\/comments?post=136751"}],"version-history":[{"count":1,"href":"https:\/\/www.caririemacao.com\/1\/wp-json\/wp\/v2\/posts\/136751\/revisions"}],"predecessor-version":[{"id":136753,"href":"https:\/\/www.caririemacao.com\/1\/wp-json\/wp\/v2\/posts\/136751\/revisions\/136753"}],"wp:featuredmedia":[{"embeddable":true,"href":"https:\/\/www.caririemacao.com\/1\/wp-json\/wp\/v2\/media\/136752"}],"wp:attachment":[{"href":"https:\/\/www.caririemacao.com\/1\/wp-json\/wp\/v2\/media?parent=136751"}],"wp:term":[{"taxonomy":"category","embeddable":true,"href":"https:\/\/www.caririemacao.com\/1\/wp-json\/wp\/v2\/categories?post=136751"},{"taxonomy":"post_tag","embeddable":true,"href":"https:\/\/www.caririemacao.com\/1\/wp-json\/wp\/v2\/tags?post=136751"}],"curies":[{"name":"wp","href":"https:\/\/api.w.org\/{rel}","templated":true}]}}