{"id":136770,"date":"2019-11-20T09:25:37","date_gmt":"2019-11-20T12:25:37","guid":{"rendered":"http:\/\/www.caririemacao.com\/1\/?p=136770"},"modified":"2019-11-20T09:25:37","modified_gmt":"2019-11-20T12:25:37","slug":"capes-deve-liberar-r-7-milhoes-para-pesquisas-na-amazonia-legal","status":"publish","type":"post","link":"https:\/\/www.caririemacao.com\/1\/2019\/11\/20\/capes-deve-liberar-r-7-milhoes-para-pesquisas-na-amazonia-legal\/","title":{"rendered":"Capes deve liberar R$ 7 milh\u00f5es para pesquisas na Amaz\u00f4nia Legal"},"content":{"rendered":"\n<p>A Coordena\u00e7\u00e3o de Aperfei\u00e7oamento de Pessoal de N\u00edvel Superior (Capes) lan\u00e7a nesta&nbsp;quarta-feira (20) quatro iniciativas para o desenvolvimento da p\u00f3s-gradua\u00e7\u00e3o nos estados da Amaz\u00f4nia Legal, que corresponde a 59% do territ\u00f3rio brasileiro e engloba a totalidade de oito estados (Acre, Amap\u00e1, Amazonas, Mato Grosso, Par\u00e1, Rond\u00f4nia, Roraima e Tocantins), al\u00e9m de parte do Maranh\u00e3o.<\/p>\n\n\n\n<p>Os an\u00fancios v\u00e3o ser feitos durante o Encontro Capes com a Amaz\u00f4nia Legal, que vai ocorrer de&nbsp;hoje&nbsp;at\u00e9 o dia 23 deste m\u00eas na Universidade Federal do Amazonas.<\/p>\n\n\n\n<p>Segundo a Capes, a primeira medida ser\u00e1 a assinatura de um acordo para aumentar a fixa\u00e7\u00e3o de pesquisadores na regi\u00e3o, reduzir as diferen\u00e7as regionais no sistema nacional de p\u00f3s-gradua\u00e7\u00e3o e ampliar o apoio ao desenvolvimento cient\u00edfico.<\/p>\n\n\n\n<p>Outra iniciativa prev\u00ea a libera\u00e7\u00e3o da&nbsp;segunda&nbsp;parcela de R$ 3,5 milh\u00f5es do Programa Nacional de Coopera\u00e7\u00e3o Acad\u00eamica na Amaz\u00f4nia (Procad Amaz\u00f4nia), destinada ao apoio a projetos de pesquisa conjuntos que construam redes de coopera\u00e7\u00e3o acad\u00eamica.<\/p>\n\n\n\n<p>Mais R$ 3,5 milh\u00f5es ir\u00e3o para a forma\u00e7\u00e3o de enfermeiros, no segundo edital da parceria com o Conselho Federal de Enfermagem (Cofen). Conforme a Capes, no primeiro edital, lan\u00e7ado em 2016, foram formados 140 alunos em 16 programas de mestrado.<\/p>\n\n\n\n<p>A&nbsp;quarta&nbsp;medida ser\u00e1 a concess\u00e3o de 50 bolsas de pesquisa (25 de mestrado e 25 de doutorado) para a Funda\u00e7\u00e3o de Amparo \u00e0 Pesquisa do Estado do Amazonas (Fapeam).<\/p>\n","protected":false},"excerpt":{"rendered":"<p>A Coordena\u00e7\u00e3o de Aperfei\u00e7oamento de Pessoal de N\u00edvel Superior (Capes) lan\u00e7a nesta&nbsp;quarta-feira (20) quatro iniciativas para o desenvolvimento da p\u00f3s-gradua\u00e7\u00e3o nos estados da Amaz\u00f4nia Legal,&hellip; <\/p>\n","protected":false},"author":1,"featured_media":27456,"comment_status":"closed","ping_status":"closed","sticky":false,"template":"","format":"standard","meta":{"sfsi_plus_gutenberg_text_before_share":"","sfsi_plus_gutenberg_show_text_before_share":"","sfsi_plus_gutenberg_icon_type":"","sfsi_plus_gutenberg_icon_alignemt":"","sfsi_plus_gutenburg_max_per_row":"","footnotes":""},"categories":[2],"tags":[],"class_list":["post-136770","post","type-post","status-publish","format-standard","has-post-thumbnail","hentry","category-geral"],"_links":{"self":[{"href":"https:\/\/www.caririemacao.com\/1\/wp-json\/wp\/v2\/posts\/136770","targetHints":{"allow":["GET"]}}],"collection":[{"href":"https:\/\/www.caririemacao.com\/1\/wp-json\/wp\/v2\/posts"}],"about":[{"href":"https:\/\/www.caririemacao.com\/1\/wp-json\/wp\/v2\/types\/post"}],"author":[{"embeddable":true,"href":"https:\/\/www.caririemacao.com\/1\/wp-json\/wp\/v2\/users\/1"}],"replies":[{"embeddable":true,"href":"https:\/\/www.caririemacao.com\/1\/wp-json\/wp\/v2\/comments?post=136770"}],"version-history":[{"count":1,"href":"https:\/\/www.caririemacao.com\/1\/wp-json\/wp\/v2\/posts\/136770\/revisions"}],"predecessor-version":[{"id":136771,"href":"https:\/\/www.caririemacao.com\/1\/wp-json\/wp\/v2\/posts\/136770\/revisions\/136771"}],"wp:featuredmedia":[{"embeddable":true,"href":"https:\/\/www.caririemacao.com\/1\/wp-json\/wp\/v2\/media\/27456"}],"wp:attachment":[{"href":"https:\/\/www.caririemacao.com\/1\/wp-json\/wp\/v2\/media?parent=136770"}],"wp:term":[{"taxonomy":"category","embeddable":true,"href":"https:\/\/www.caririemacao.com\/1\/wp-json\/wp\/v2\/categories?post=136770"},{"taxonomy":"post_tag","embeddable":true,"href":"https:\/\/www.caririemacao.com\/1\/wp-json\/wp\/v2\/tags?post=136770"}],"curies":[{"name":"wp","href":"https:\/\/api.w.org\/{rel}","templated":true}]}}