{"id":136783,"date":"2019-11-20T09:32:42","date_gmt":"2019-11-20T12:32:42","guid":{"rendered":"http:\/\/www.caririemacao.com\/1\/?p=136783"},"modified":"2019-11-20T09:32:42","modified_gmt":"2019-11-20T12:32:42","slug":"aparte-ex-ministro-ciro-gomes-lula-e-um-enganador-profissional","status":"publish","type":"post","link":"https:\/\/www.caririemacao.com\/1\/2019\/11\/20\/aparte-ex-ministro-ciro-gomes-lula-e-um-enganador-profissional\/","title":{"rendered":"Aparte. Ex-ministro Ciro Gomes: \u201cLula \u00e9 um enganador profissional\u201d"},"content":{"rendered":"\n<p><br>Uma recente e longa entrevista do ex-presidenci\u00e1vel Ciro Gomes, do PDT, a um jornal espanhol \u00e9 um dos destaques da edi\u00e7\u00e3o desta quarta-feira da coluna Aparte, assinada no paraibaonline.com.br pelo jornalista Arimat\u00e9a Souza.<\/p>\n\n\n\n<figure class=\"wp-block-image\"><img decoding=\"async\" data-src=\"https:\/\/paraibaonline.com.br\/wp-content\/uploads\/2018\/09\/ciro-gomes-1.jpg\" alt=\"Foto: Ag\u00eancia Brasil\" class=\"wp-image-506746 lazyload\" src=\"data:image\/svg+xml;base64,PHN2ZyB3aWR0aD0iMSIgaGVpZ2h0PSIxIiB4bWxucz0iaHR0cDovL3d3dy53My5vcmcvMjAwMC9zdmciPjwvc3ZnPg==\" \/><\/figure>\n\n\n\n<p>Foto: Ag\u00eancia Brasil<\/p>\n\n\n\n<p>Ciro fez fortes declara\u00e7\u00f5es contra o ex-presidente Lula e o PT.<\/p>\n\n\n\n<p>A coluna tamb\u00e9m informa sobre a surda disputa pelo comando do novo do partido do presidente Jair Bolsonaro na Para\u00edba.<\/p>\n","protected":false},"excerpt":{"rendered":"<p>Uma recente e longa entrevista do ex-presidenci\u00e1vel Ciro Gomes, do PDT, a um jornal espanhol \u00e9 um dos destaques da edi\u00e7\u00e3o desta quarta-feira da coluna&hellip; <\/p>\n","protected":false},"author":1,"featured_media":132110,"comment_status":"closed","ping_status":"closed","sticky":false,"template":"","format":"standard","meta":{"sfsi_plus_gutenberg_text_before_share":"","sfsi_plus_gutenberg_show_text_before_share":"","sfsi_plus_gutenberg_icon_type":"","sfsi_plus_gutenberg_icon_alignemt":"","sfsi_plus_gutenburg_max_per_row":"","footnotes":""},"categories":[11],"tags":[],"class_list":["post-136783","post","type-post","status-publish","format-standard","has-post-thumbnail","hentry","category-politica"],"_links":{"self":[{"href":"https:\/\/www.caririemacao.com\/1\/wp-json\/wp\/v2\/posts\/136783","targetHints":{"allow":["GET"]}}],"collection":[{"href":"https:\/\/www.caririemacao.com\/1\/wp-json\/wp\/v2\/posts"}],"about":[{"href":"https:\/\/www.caririemacao.com\/1\/wp-json\/wp\/v2\/types\/post"}],"author":[{"embeddable":true,"href":"https:\/\/www.caririemacao.com\/1\/wp-json\/wp\/v2\/users\/1"}],"replies":[{"embeddable":true,"href":"https:\/\/www.caririemacao.com\/1\/wp-json\/wp\/v2\/comments?post=136783"}],"version-history":[{"count":1,"href":"https:\/\/www.caririemacao.com\/1\/wp-json\/wp\/v2\/posts\/136783\/revisions"}],"predecessor-version":[{"id":136784,"href":"https:\/\/www.caririemacao.com\/1\/wp-json\/wp\/v2\/posts\/136783\/revisions\/136784"}],"wp:featuredmedia":[{"embeddable":true,"href":"https:\/\/www.caririemacao.com\/1\/wp-json\/wp\/v2\/media\/132110"}],"wp:attachment":[{"href":"https:\/\/www.caririemacao.com\/1\/wp-json\/wp\/v2\/media?parent=136783"}],"wp:term":[{"taxonomy":"category","embeddable":true,"href":"https:\/\/www.caririemacao.com\/1\/wp-json\/wp\/v2\/categories?post=136783"},{"taxonomy":"post_tag","embeddable":true,"href":"https:\/\/www.caririemacao.com\/1\/wp-json\/wp\/v2\/tags?post=136783"}],"curies":[{"name":"wp","href":"https:\/\/api.w.org\/{rel}","templated":true}]}}