{"id":136788,"date":"2019-11-20T09:39:07","date_gmt":"2019-11-20T12:39:07","guid":{"rendered":"http:\/\/www.caririemacao.com\/1\/?p=136788"},"modified":"2019-11-20T09:39:07","modified_gmt":"2019-11-20T12:39:07","slug":"termina-hoje-a-pre-matricula-dos-convocados-para-turma-de-soldados-da-policia-militar-da-paraiba","status":"publish","type":"post","link":"https:\/\/www.caririemacao.com\/1\/2019\/11\/20\/termina-hoje-a-pre-matricula-dos-convocados-para-turma-de-soldados-da-policia-militar-da-paraiba\/","title":{"rendered":"Termina hoje a pr\u00e9-matr\u00edcula dos convocados para turma de soldados da Pol\u00edcia Militar da Para\u00edba"},"content":{"rendered":"\n<p>Termina nesta quarta-feira (20) a pr\u00e9-matr\u00edcula dos candidatos convocados para a nova turma de soldados da Pol\u00edcia Militar. Na ocasi\u00e3o, eles devem apresentar os documentos exigidos no edital do concurso, a exemplo do atestado de bons antecedentes e certid\u00e3o criminal.<\/p>\n\n\n\n<p>A apresenta\u00e7\u00e3o consiste em todos&nbsp;os convocados de todo o Estado comparecendo ao Centro de Educa\u00e7\u00e3o da Pol\u00edcia Militar, em Jo\u00e3o Pessoa, conforme numera\u00e7\u00e3o e hor\u00e1rio divulgados no Di\u00e1rio Oficial do dia 6 de novembro.<\/p>\n\n\n\n<p>Na manh\u00e3 da segunda-feira (18) come\u00e7ou com a apresenta\u00e7\u00e3o da documenta\u00e7\u00e3o de todas candidatas do sexo feminino e dos candidatos do n\u00famero 1 ao 72 do sexo masculino, convocados para o Comando do Policiamento Regional Metropolitano (CPRM). \u00c0 tarde, a partir das 14h, a apresenta\u00e7\u00e3o foi para os candidatos do n\u00famero 73 a 154, tamb\u00e9m do CPRM.<\/p>\n\n\n\n<p>Na ter\u00e7a-feira (19), foi a vez&nbsp;dos candidatos convocados para o Comando do Policiamento Regional I e na quarta-feira (20) os do Comando do Policiamento Regional I, tamb\u00e9m divididos por turno, conforme ordem de classifica\u00e7\u00e3o.<\/p>\n\n\n\n<p>Quem, por ventura, ainda tenha d\u00favida da documenta\u00e7\u00e3o que deve ser apresentada, deve conferir o item 15.2 do edital do concurso, no link&nbsp;<a href=\"http:\/\/www.pm.pb.gov.br\/publicacoesConcursos\/872_27032018_122618.PDF\">http:\/\/www.pm.pb.gov.br\/public&#8230;<\/a><\/p>\n\n\n\n<p>Ap\u00f3s o per\u00edodo de pr\u00e9-matr\u00edcula, os candidatos devem acompanhar o site da Pol\u00edcia Militar (<a href=\"http:\/\/www.pm.pb.gov.br\/\">www.pm.pb.gov.br<\/a>&nbsp;) para a publica\u00e7\u00e3o da homologa\u00e7\u00e3o da pr\u00e9-matr\u00edcula.<\/p>\n\n\n\n<p>In\u00edcio do curso \u2013 Os candidatos que tiverem a pr\u00e9-matr\u00edcula homologada ser\u00e3o convocados para a aula inaugural, que ser\u00e1 realizada no come\u00e7o de dezembro, quando tem in\u00edcio o curso de forma\u00e7\u00e3o. Nas primeiras duas semanas, ser\u00e1 promovido um per\u00edodo de adapta\u00e7\u00e3o, com os novos alunos soldados de todo o Estado reunidos no Centro de Educa\u00e7\u00e3o da PM, quando ser\u00e1 apresentado o cronograma do curso que vai prepar\u00e1-los para atuarem dentro do programa Para\u00edba Unida pela Paz.<\/p>\n","protected":false},"excerpt":{"rendered":"<p>Termina nesta quarta-feira (20) a pr\u00e9-matr\u00edcula dos candidatos convocados para a nova turma de soldados da Pol\u00edcia Militar. Na ocasi\u00e3o, eles devem apresentar os documentos&hellip; <\/p>\n","protected":false},"author":1,"featured_media":136789,"comment_status":"closed","ping_status":"closed","sticky":false,"template":"","format":"standard","meta":{"sfsi_plus_gutenberg_text_before_share":"","sfsi_plus_gutenberg_show_text_before_share":"","sfsi_plus_gutenberg_icon_type":"","sfsi_plus_gutenberg_icon_alignemt":"","sfsi_plus_gutenburg_max_per_row":"","footnotes":""},"categories":[12],"tags":[],"class_list":["post-136788","post","type-post","status-publish","format-standard","has-post-thumbnail","hentry","category-policia"],"_links":{"self":[{"href":"https:\/\/www.caririemacao.com\/1\/wp-json\/wp\/v2\/posts\/136788","targetHints":{"allow":["GET"]}}],"collection":[{"href":"https:\/\/www.caririemacao.com\/1\/wp-json\/wp\/v2\/posts"}],"about":[{"href":"https:\/\/www.caririemacao.com\/1\/wp-json\/wp\/v2\/types\/post"}],"author":[{"embeddable":true,"href":"https:\/\/www.caririemacao.com\/1\/wp-json\/wp\/v2\/users\/1"}],"replies":[{"embeddable":true,"href":"https:\/\/www.caririemacao.com\/1\/wp-json\/wp\/v2\/comments?post=136788"}],"version-history":[{"count":1,"href":"https:\/\/www.caririemacao.com\/1\/wp-json\/wp\/v2\/posts\/136788\/revisions"}],"predecessor-version":[{"id":136790,"href":"https:\/\/www.caririemacao.com\/1\/wp-json\/wp\/v2\/posts\/136788\/revisions\/136790"}],"wp:featuredmedia":[{"embeddable":true,"href":"https:\/\/www.caririemacao.com\/1\/wp-json\/wp\/v2\/media\/136789"}],"wp:attachment":[{"href":"https:\/\/www.caririemacao.com\/1\/wp-json\/wp\/v2\/media?parent=136788"}],"wp:term":[{"taxonomy":"category","embeddable":true,"href":"https:\/\/www.caririemacao.com\/1\/wp-json\/wp\/v2\/categories?post=136788"},{"taxonomy":"post_tag","embeddable":true,"href":"https:\/\/www.caririemacao.com\/1\/wp-json\/wp\/v2\/tags?post=136788"}],"curies":[{"name":"wp","href":"https:\/\/api.w.org\/{rel}","templated":true}]}}