{"id":136792,"date":"2019-11-20T09:40:38","date_gmt":"2019-11-20T12:40:38","guid":{"rendered":"http:\/\/www.caririemacao.com\/1\/?p=136792"},"modified":"2019-11-20T09:40:38","modified_gmt":"2019-11-20T12:40:38","slug":"damares-anuncia-canal-para-denunciar-professores-por-atos-contra-a-familia","status":"publish","type":"post","link":"https:\/\/www.caririemacao.com\/1\/2019\/11\/20\/damares-anuncia-canal-para-denunciar-professores-por-atos-contra-a-familia\/","title":{"rendered":"Damares anuncia canal para denunciar professores por atos contra a fam\u00edlia"},"content":{"rendered":"\n<p>A ministra dos Direitos Humanos, Damares Alves, afirmou em Belo Horizonte que o governo federal vai criar um canal para que pais de alunos possam reclamar de professores que, durante as aulas, atentem \u201ccontra a moral, a religi\u00e3o e a \u00e9tica da fam\u00edlia\u201d. A ministra esteve na capital mineira para participar de audi\u00eancia p\u00fablica na Assembleia Legislativa sobre suic\u00eddio e automutila\u00e7\u00e3o entre jovens. Ela disse que o dispositivo ser\u00e1 anunciado ainda este ano, mas n\u00e3o deu detalhes sobre o funcionamento.<\/p>\n\n\n\n<p>\u201cO canal est\u00e1 sendo formatado entre os minist\u00e9rios da Educa\u00e7\u00e3o e dos Direitos Humanos. Vai ser anunciado em breve. O que queremos \u00e9 somente o cumprimento da lei. O Brasil \u00e9 signat\u00e1rio do Pacto de S\u00e3o Jos\u00e9 da Costa Rica. L\u00e1 est\u00e1 dizendo que a escola n\u00e3o pode ensinar nada que atente contra a moral, a religi\u00e3o e a \u00e9tica da fam\u00edlia.\u201d Procurado, o MEC n\u00e3o se manifestou.<\/p>\n\n\n\n<p>A ministra, como exemplo, citou o caso de um professor do 6\u00ba ano de uma escola do Distrito Federal que teria pedido aos alunos reda\u00e7\u00e3o sobre sexo oral e anal. \u201cA fam\u00edlia precisa ser ouvida. O que queremos trabalhar no Brasil \u00e9 uma parceria de escola e fam\u00edlia. A fam\u00edlia sendo consultada, mas n\u00e3o delegando suas responsabilidades.\u201d<\/p>\n\n\n\n<p>A gest\u00e3o Jair Bolsonaro \u00e9 cr\u00edtica de uma suposta doutrina\u00e7\u00e3o e prega\u00e7\u00e3o da \u201cideologia de g\u00eanero\u201d em sala de aula pelos docentes. Esse termo vem sendo usado por grupos conservadores, mas n\u00e3o \u00e9 adotado em universidades e escolas. O combate \u00e0 doutrina\u00e7\u00e3o \u00e9 uma bandeira do movimento Escola Sem Partido, grupo criado em 2004 para cobrar mecanismos que vigiem e punam supostos excessos de professores. Nos \u00faltimos anos, t\u00eam tramitado no Congresso e nos Legislativos locais projetos de lei inspirados nessa ideia \u2013 parte foi aprovada.<\/p>\n\n\n\n<p>Segundo a ministra, a melhor forma de tratar temas como o sexo \u00e9 \u201cde forma correta, obedecendo \u00e0s especificidades da idade, com professor preparado, como era muitos anos atr\u00e1s quando eu era crian\u00e7a\u201d, disse ela, que prometeu que n\u00e3o haver\u00e1 embates. \u201cTemos o conceito do que \u00e9 bom. O professor tem bom senso. N\u00e3o vamos de forma alguma instaurar uma guerra contra a escola. Tudo o que a gente quer \u00e9 uma parceria entre escola e fam\u00edlia. E \u00e9 poss\u00edvel.\u201d<\/p>\n\n\n\n<p>Damares disse que um material \u201cadequado\u201d ser\u00e1 enviado pelos minist\u00e9rios e que n\u00e3o haver\u00e1 puni\u00e7\u00f5es contra professores. \u201c\u00c9 poss\u00edvel falar de todos esses temas de forma did\u00e1tica, de forma educativa. O que estamos falando \u00e9 sobre os absurdos que aconteceram como ontem\u201d, disse ela, referindo-se ao professor de Bras\u00edlia. \u201cN\u00e3o existe aqui nenhum governo radical, opressor, que vai proibir falar sobre esses temas, obedecendo, repito, ao material did\u00e1tico certo, \u00e0 idade certa e \u00e0 forma certa com as crian\u00e7as.\u201d<\/p>\n\n\n\n<p>Em maio, o ministro da Educa\u00e7\u00e3o, Abraham Weintraub, chegou a incentivar que fossem denunciados professores, funcion\u00e1rios, pais e alunos que incentivassem protestos durante o hor\u00e1rio escolar. Naquela \u00e9poca, grupos de estudantes e cientistas foram \u00e0s ruas para protestar contra os cortes federais de verbas na \u00e1rea.<\/p>\n\n\n\n<p>Em setembro, Weintraub encaminhou um of\u00edcio \u00e0s secretarias de educa\u00e7\u00e3o, recomendando a pluralidade no ensino. O ministro evitou relacionar o documento, que n\u00e3o fazia men\u00e7\u00e3o a \u201cdoutrina\u00e7\u00e3o\u201d ou \u201cideologia\u201d ao Escola sem Partido e disse que o objetivo era \u201caliviar tens\u00f5es\u201d.<\/p>\n","protected":false},"excerpt":{"rendered":"<p>A ministra dos Direitos Humanos, Damares Alves, afirmou em Belo Horizonte que o governo federal vai criar um canal para que pais de alunos possam&hellip; <\/p>\n","protected":false},"author":1,"featured_media":136793,"comment_status":"closed","ping_status":"closed","sticky":false,"template":"","format":"standard","meta":{"sfsi_plus_gutenberg_text_before_share":"","sfsi_plus_gutenberg_show_text_before_share":"","sfsi_plus_gutenberg_icon_type":"","sfsi_plus_gutenberg_icon_alignemt":"","sfsi_plus_gutenburg_max_per_row":"","footnotes":""},"categories":[2],"tags":[],"class_list":["post-136792","post","type-post","status-publish","format-standard","has-post-thumbnail","hentry","category-geral"],"_links":{"self":[{"href":"https:\/\/www.caririemacao.com\/1\/wp-json\/wp\/v2\/posts\/136792","targetHints":{"allow":["GET"]}}],"collection":[{"href":"https:\/\/www.caririemacao.com\/1\/wp-json\/wp\/v2\/posts"}],"about":[{"href":"https:\/\/www.caririemacao.com\/1\/wp-json\/wp\/v2\/types\/post"}],"author":[{"embeddable":true,"href":"https:\/\/www.caririemacao.com\/1\/wp-json\/wp\/v2\/users\/1"}],"replies":[{"embeddable":true,"href":"https:\/\/www.caririemacao.com\/1\/wp-json\/wp\/v2\/comments?post=136792"}],"version-history":[{"count":1,"href":"https:\/\/www.caririemacao.com\/1\/wp-json\/wp\/v2\/posts\/136792\/revisions"}],"predecessor-version":[{"id":136794,"href":"https:\/\/www.caririemacao.com\/1\/wp-json\/wp\/v2\/posts\/136792\/revisions\/136794"}],"wp:featuredmedia":[{"embeddable":true,"href":"https:\/\/www.caririemacao.com\/1\/wp-json\/wp\/v2\/media\/136793"}],"wp:attachment":[{"href":"https:\/\/www.caririemacao.com\/1\/wp-json\/wp\/v2\/media?parent=136792"}],"wp:term":[{"taxonomy":"category","embeddable":true,"href":"https:\/\/www.caririemacao.com\/1\/wp-json\/wp\/v2\/categories?post=136792"},{"taxonomy":"post_tag","embeddable":true,"href":"https:\/\/www.caririemacao.com\/1\/wp-json\/wp\/v2\/tags?post=136792"}],"curies":[{"name":"wp","href":"https:\/\/api.w.org\/{rel}","templated":true}]}}