{"id":136796,"date":"2019-11-20T09:42:30","date_gmt":"2019-11-20T12:42:30","guid":{"rendered":"http:\/\/www.caririemacao.com\/1\/?p=136796"},"modified":"2019-11-20T09:42:30","modified_gmt":"2019-11-20T12:42:30","slug":"promotoria-investiga-inconstitucionalidade-de-lei-que-proibe-remocao-de-veiculos-com-ipva-atrasado-na-pb","status":"publish","type":"post","link":"https:\/\/www.caririemacao.com\/1\/2019\/11\/20\/promotoria-investiga-inconstitucionalidade-de-lei-que-proibe-remocao-de-veiculos-com-ipva-atrasado-na-pb\/","title":{"rendered":"Promotoria investiga inconstitucionalidade de lei que pro\u00edbe remo\u00e7\u00e3o de ve\u00edculos com IPVA atrasado na PB"},"content":{"rendered":"\n<p>A Promotoria de Justi\u00e7a de S\u00e3o Bento instaurou um procedimento administrativo e solicitou a an\u00e1lise de poss\u00edvel inconstitucionalidade da Lei Municipal n\u00ba 751\/2019. Essa lei pro\u00edbe a apreens\u00e3o ou remo\u00e7\u00e3o de ve\u00edculo por autoridade de tr\u00e2nsito em virtude do atraso no pagamento do Imposto sobre a propriedade de ve\u00edculos automotores (IPVA), no munic\u00edpio do Sert\u00e3o da Para\u00edba.<\/p>\n\n\n\n<p>O procedimento foi instaurado pelo promotor de Justi\u00e7a Osvaldo Lopes, que requisitou da prefeitura e da C\u00e2mara a documenta\u00e7\u00e3o relativa \u00e0 aprova\u00e7\u00e3o da lei. A legisla\u00e7\u00e3o foi sancionada no \u00faltimo dia 13 pelo prefeito Jarques L\u00facio.<\/p>\n\n\n\n<p>No procedimento, o promotor encaminhou expediente ao procurador-geral de Justi\u00e7a, Francisco Ser\u00e1phico Ferraz da N\u00f3brega Filho, solicitando que seja examinada a possibilidade de ajuizar a\u00e7\u00e3o de inconstitucionalidade perante o Tribunal de Justi\u00e7a da Para\u00edba (TJPB) contra a lei municipal.<\/p>\n\n\n\n<p>O promotor disse que a Lei n\u00ba 751\/2019 afronta o disposto em normas federais. Ele destaca a decis\u00e3o do Supremo Tribunal Federal na ADI 2998 que considerou v\u00e1lido exigir pagamento de multas de tr\u00e2nsito e tributos para a libera\u00e7\u00e3o de certificado de registro e licenciamento de ve\u00edculo, com a devida remo\u00e7\u00e3o, como medida administrativa.<\/p>\n\n\n\n<p><strong>Saiba mais<\/strong><\/p>\n\n\n\n<p><a href=\"https:\/\/www.clickpb.com.br\/paraiba\/lei-que-proibe-apreensao-de-veiculo-com-ipva-atrasado-entra-em-vigor-em-sao-bento-272102.html\">Lei que pro\u00edbe apreens\u00e3o de ve\u00edculo com IPVA atrasado entra em vigor em S\u00e3o Bento<\/a><\/p>\n\n\n\n<p>O promotor Osvaldo Lopes ressalta ainda que, em se tratando de normas de tr\u00e2nsito, a proibi\u00e7\u00e3o de circula\u00e7\u00e3o de ve\u00edculos sem IPVA pago visa assegurar a fiscaliza\u00e7\u00e3o dos ve\u00edculos. \u201cPortanto, sen\u00e3o h\u00e1 pagamento de tributo, o ve\u00edculo n\u00e3o \u00e9 licenciado; se n\u00e3o \u00e9 licenciado, n\u00e3o pode transitar nas vias terrestres urbanas e ruais e, caso opte por transitar, praticar\u00e1 infra\u00e7\u00e3o grav\u00edssima de tr\u00e2nsito, cuja medida \u00e9 a remo\u00e7\u00e3o do ve\u00edculo\u201d, enfatiza o promotor.<\/p>\n","protected":false},"excerpt":{"rendered":"<p>A Promotoria de Justi\u00e7a de S\u00e3o Bento instaurou um procedimento administrativo e solicitou a an\u00e1lise de poss\u00edvel inconstitucionalidade da Lei Municipal n\u00ba 751\/2019. Essa lei&hellip; <\/p>\n","protected":false},"author":1,"featured_media":136797,"comment_status":"closed","ping_status":"closed","sticky":false,"template":"","format":"standard","meta":{"sfsi_plus_gutenberg_text_before_share":"","sfsi_plus_gutenberg_show_text_before_share":"","sfsi_plus_gutenberg_icon_type":"","sfsi_plus_gutenberg_icon_alignemt":"","sfsi_plus_gutenburg_max_per_row":"","footnotes":""},"categories":[2],"tags":[],"class_list":["post-136796","post","type-post","status-publish","format-standard","has-post-thumbnail","hentry","category-geral"],"_links":{"self":[{"href":"https:\/\/www.caririemacao.com\/1\/wp-json\/wp\/v2\/posts\/136796","targetHints":{"allow":["GET"]}}],"collection":[{"href":"https:\/\/www.caririemacao.com\/1\/wp-json\/wp\/v2\/posts"}],"about":[{"href":"https:\/\/www.caririemacao.com\/1\/wp-json\/wp\/v2\/types\/post"}],"author":[{"embeddable":true,"href":"https:\/\/www.caririemacao.com\/1\/wp-json\/wp\/v2\/users\/1"}],"replies":[{"embeddable":true,"href":"https:\/\/www.caririemacao.com\/1\/wp-json\/wp\/v2\/comments?post=136796"}],"version-history":[{"count":1,"href":"https:\/\/www.caririemacao.com\/1\/wp-json\/wp\/v2\/posts\/136796\/revisions"}],"predecessor-version":[{"id":136798,"href":"https:\/\/www.caririemacao.com\/1\/wp-json\/wp\/v2\/posts\/136796\/revisions\/136798"}],"wp:featuredmedia":[{"embeddable":true,"href":"https:\/\/www.caririemacao.com\/1\/wp-json\/wp\/v2\/media\/136797"}],"wp:attachment":[{"href":"https:\/\/www.caririemacao.com\/1\/wp-json\/wp\/v2\/media?parent=136796"}],"wp:term":[{"taxonomy":"category","embeddable":true,"href":"https:\/\/www.caririemacao.com\/1\/wp-json\/wp\/v2\/categories?post=136796"},{"taxonomy":"post_tag","embeddable":true,"href":"https:\/\/www.caririemacao.com\/1\/wp-json\/wp\/v2\/tags?post=136796"}],"curies":[{"name":"wp","href":"https:\/\/api.w.org\/{rel}","templated":true}]}}