{"id":136800,"date":"2019-11-20T09:46:09","date_gmt":"2019-11-20T12:46:09","guid":{"rendered":"http:\/\/www.caririemacao.com\/1\/?p=136800"},"modified":"2019-11-20T09:46:09","modified_gmt":"2019-11-20T12:46:09","slug":"dia-da-consciencia-negra-e-oportunidade-de-reflexao-diz-ativista","status":"publish","type":"post","link":"https:\/\/www.caririemacao.com\/1\/2019\/11\/20\/dia-da-consciencia-negra-e-oportunidade-de-reflexao-diz-ativista\/","title":{"rendered":"Dia da Consci\u00eancia Negra \u00e9 oportunidade de reflex\u00e3o, diz ativista"},"content":{"rendered":"\n<p>O Dia da Consci\u00eancia Negra foi celebrado&nbsp;hoje&nbsp;(20) na cidade do Rio&nbsp;de Janeiro&nbsp;com uma roda de capoeira e a lavagem da est\u00e1tua de Zumbi dos Palmares, no centro da cidade. A data \u00e9 feriado nos estados do Rio&nbsp;de Janeiro, Alagoas, Amazonas, Amap\u00e1, Mato Grosso e Roraima, al\u00e9m de v\u00e1rios munic\u00edpios brasileiros, como a cidade de S\u00e3o Paulo.<\/p>\n\n\n\n<p>Apesar disso, a data, que marca a morte de Zumbi, l\u00edder do Quilombo dos Palmares e s\u00edmbolo da resist\u00eancia contra a escravid\u00e3o, n\u00e3o \u00e9 feriado nacional.<\/p>\n\n\n\n<p>\u201cZumbi \u00e9 um her\u00f3i nacional e o \u00fanico da hist\u00f3ria do Brasil que foi constru\u00eddo de baixo para cima, pelo povo, pela comunidade negra. Ele n\u00e3o \u00e9 her\u00f3i dos negros, pura e simplesmente, como se quer caracterizar, mas um her\u00f3i da p\u00e1tria. Ele est\u00e1 inscrito no Pante\u00e3o da Rep\u00fablica e ainda n\u00e3o tem a rever\u00eancia que deveria&nbsp;ter&nbsp;do Estado brasileiro\u201d, disse o babala\u00f4 Ivanir dos Santos, da Comiss\u00e3o de Combate \u00e0 Intoler\u00e2ncia Religiosa (CCIR).<\/p>\n\n\n\n<p>Para o presidente do Conselho Estadual dos Direitos do Negro (Cedine), Luiz Eduardo Negrogun, o dia \u00e9 uma forma de celebrar a mem\u00f3ria, a cultura e a ancestralidade dos negros.<\/p>\n\n\n\n<p>\u201cNo momento que atravessamos&nbsp;hoje, quando o racismo est\u00e1 t\u00e3o forte assim como a intoler\u00e2ncia e viol\u00eancia religiosas, quanto enaltecemos esse legado, n\u00f3s estamos dando uma op\u00e7\u00e3o para que as pessoas reflitam. Foi a unidade que fez esse pa\u00eds e \u00e9 a unidade que vai nos manter\u201d, disse Negrogun.<\/p>\n\n\n\n<p>No Rio&nbsp;de Janeiro, foi promulgada&nbsp;ontem&nbsp;(19), no Di\u00e1rio oficial do Estado do Rio&nbsp;de Janeiro, a Lei Estadual 8623\/2019, dos deputados Andr\u00e9 Ceciliano e Waldeck Carneiro (PT), que reconhece o marinheiro Jo\u00e3o C\u00e2ndido Felisberto, conhecido como Almirante Negro, como her\u00f3i do Rio&nbsp;de Janeiro.<\/p>\n\n\n\n<p>Jo\u00e3o C\u00e2ndido foi l\u00edder da Revolta da Chibata, um motim de marinheiros ocorrido em 1910, contra o uso de chibatadas por oficiais como puni\u00e7\u00e3o para militares subalternos.<\/p>\n","protected":false},"excerpt":{"rendered":"<p>O Dia da Consci\u00eancia Negra foi celebrado&nbsp;hoje&nbsp;(20) na cidade do Rio&nbsp;de Janeiro&nbsp;com uma roda de capoeira e a lavagem da est\u00e1tua de Zumbi dos Palmares,&hellip; <\/p>\n","protected":false},"author":1,"featured_media":136801,"comment_status":"closed","ping_status":"closed","sticky":false,"template":"","format":"standard","meta":{"sfsi_plus_gutenberg_text_before_share":"","sfsi_plus_gutenberg_show_text_before_share":"","sfsi_plus_gutenberg_icon_type":"","sfsi_plus_gutenberg_icon_alignemt":"","sfsi_plus_gutenburg_max_per_row":"","footnotes":""},"categories":[2],"tags":[],"class_list":["post-136800","post","type-post","status-publish","format-standard","has-post-thumbnail","hentry","category-geral"],"_links":{"self":[{"href":"https:\/\/www.caririemacao.com\/1\/wp-json\/wp\/v2\/posts\/136800","targetHints":{"allow":["GET"]}}],"collection":[{"href":"https:\/\/www.caririemacao.com\/1\/wp-json\/wp\/v2\/posts"}],"about":[{"href":"https:\/\/www.caririemacao.com\/1\/wp-json\/wp\/v2\/types\/post"}],"author":[{"embeddable":true,"href":"https:\/\/www.caririemacao.com\/1\/wp-json\/wp\/v2\/users\/1"}],"replies":[{"embeddable":true,"href":"https:\/\/www.caririemacao.com\/1\/wp-json\/wp\/v2\/comments?post=136800"}],"version-history":[{"count":1,"href":"https:\/\/www.caririemacao.com\/1\/wp-json\/wp\/v2\/posts\/136800\/revisions"}],"predecessor-version":[{"id":136802,"href":"https:\/\/www.caririemacao.com\/1\/wp-json\/wp\/v2\/posts\/136800\/revisions\/136802"}],"wp:featuredmedia":[{"embeddable":true,"href":"https:\/\/www.caririemacao.com\/1\/wp-json\/wp\/v2\/media\/136801"}],"wp:attachment":[{"href":"https:\/\/www.caririemacao.com\/1\/wp-json\/wp\/v2\/media?parent=136800"}],"wp:term":[{"taxonomy":"category","embeddable":true,"href":"https:\/\/www.caririemacao.com\/1\/wp-json\/wp\/v2\/categories?post=136800"},{"taxonomy":"post_tag","embeddable":true,"href":"https:\/\/www.caririemacao.com\/1\/wp-json\/wp\/v2\/tags?post=136800"}],"curies":[{"name":"wp","href":"https:\/\/api.w.org\/{rel}","templated":true}]}}